{"id":12662,"date":"2022-04-13T09:19:11","date_gmt":"2022-04-13T07:19:11","guid":{"rendered":"https:\/\/www.ferienhausmiete.de\/blog\/?p=12662"},"modified":"2022-06-24T13:12:02","modified_gmt":"2022-06-24T11:12:02","slug":"die-5-schoensten-straende-in-europa","status":"publish","type":"post","link":"https:\/\/www.ferienhausmiete.de\/blog\/die-5-schoensten-straende-in-europa\/","title":{"rendered":"Die 5 sch\u00f6nsten Str\u00e4nde in Europa"},"content":{"rendered":"\n<p>Wenn man an die sch\u00f6nsten Str\u00e4nde der Welt denkt, dann denkt man wahrscheinlich an die Karibik oder zumindest wie man sich diese vorstellt: feinen Sand, klares azurblaues Wasser und Palmen, die sich leicht im Wind bewegen. Aber f\u00fcr so ein Gef\u00fchl muss man gar nicht in die Karibik fliegen &#8211; wir zeigen euch die f\u00fcnf sch\u00f6nsten Str\u00e4nde in Europa, die es unter die Top 25 der sch\u00f6nsten Str\u00e4nde weltweit des <a href=\"https:\/\/www.tripadvisor.de\/TravelersChoice\" target=\"_blank\" rel=\"noreferrer noopener\">Travellers&#8216; Choice Best of the Best 2022<\/a> geschafft haben!<\/p>\n\n\n\n<h2 class=\"wp-block-heading\"><strong>#1 Spiaggia dei Conigli auf Lampedusa<\/strong><\/h2>\n\n\n\n<figure class=\"wp-block-image size-large\"><img fetchpriority=\"high\" decoding=\"async\" width=\"1200\" height=\"800\" src=\"https:\/\/www.ferienhausmiete.de\/blog\/wp-content\/uploads\/2022\/04\/Kaninchenstrand-Lampedusa-1200x800.jpg\" alt=\"Kaninchenstrand - Lampedusa\" class=\"wp-image-12669\" srcset=\"https:\/\/www.ferienhausmiete.de\/blog\/wp-content\/uploads\/2022\/04\/Kaninchenstrand-Lampedusa-1200x800.jpg 1200w, https:\/\/www.ferienhausmiete.de\/blog\/wp-content\/uploads\/2022\/04\/Kaninchenstrand-Lampedusa-600x400.jpg 600w, https:\/\/www.ferienhausmiete.de\/blog\/wp-content\/uploads\/2022\/04\/Kaninchenstrand-Lampedusa-768x512.jpg 768w, https:\/\/www.ferienhausmiete.de\/blog\/wp-content\/uploads\/2022\/04\/Kaninchenstrand-Lampedusa.jpg 1004w\" sizes=\"(max-width: 1200px) 100vw, 1200px\" \/><figcaption>Mitten im Naturschutzgebiet befindet sich dieser wundersch\u00f6ne Strand<\/figcaption><\/figure>\n\n\n\n<p>Auf den 10. Rang hat es der <strong>Spiaggia dei Conigli<\/strong> geschafft oder wie man auch hier sagt: der Kaninchenstrand von Lampedusa. Auf einer kleinen Insel im Mittelmeer befindet sich dieses Kleinod. Hier gibt es nicht nur kristallklares Wasser und Sonne satt, sondern auch Naturschauspiele zu bestaunen. Denn hier nisten Meeresschildkr\u00f6ten, sind Silberm\u00f6wen ans\u00e4ssig und auf den Felsen lebt eine ganz besondere Eidechsenart. Der Strand geh\u00f6rt zum Naturschutzgebiet Isola di Lampedusa &#8211; somit sind Badeg\u00e4ste dazu angehalten die Natur hier zu achten. <\/p>\n\n\n\n<hr class=\"wp-block-separator\"\/>\n\n\n\n<div class=\"wp-block-buttons is-content-justification-center is-layout-flex wp-container-core-buttons-is-layout-a89b3969 wp-block-buttons-is-layout-flex\">\n<div class=\"wp-block-button is-style-fill\"><a class=\"wp-block-button__link has-black-color has-text-color has-background\" href=\"https:\/\/www.ferienhausmiete.de\/ferienwohnung-ferienhaus-urlaub\/sizilien\/r428\" style=\"background-color:#ffd618\"><strong>Alle Angebote f\u00fcr Sizilien entdecken<\/strong><\/a><\/div>\n<\/div>\n\n\n\n<hr class=\"wp-block-separator\"\/>\n\n\n\n<div style=\"height:15px\" aria-hidden=\"true\" class=\"wp-block-spacer\"><\/div>\n\n\n\n<h2 class=\"wp-block-heading\"><strong>#2 Praia da Fal\u00e9sia in Portugal<\/strong><\/h2>\n\n\n\n<figure class=\"wp-block-image size-large\"><img decoding=\"async\" width=\"1200\" height=\"800\" src=\"https:\/\/www.ferienhausmiete.de\/blog\/wp-content\/uploads\/2022\/04\/Praia-da-Falesia-Portugal-1200x800.jpg\" alt=\"Praia da Falesia\" class=\"wp-image-12674\" srcset=\"https:\/\/www.ferienhausmiete.de\/blog\/wp-content\/uploads\/2022\/04\/Praia-da-Falesia-Portugal-1200x800.jpg 1200w, https:\/\/www.ferienhausmiete.de\/blog\/wp-content\/uploads\/2022\/04\/Praia-da-Falesia-Portugal-600x400.jpg 600w, https:\/\/www.ferienhausmiete.de\/blog\/wp-content\/uploads\/2022\/04\/Praia-da-Falesia-Portugal-768x513.jpg 768w, https:\/\/www.ferienhausmiete.de\/blog\/wp-content\/uploads\/2022\/04\/Praia-da-Falesia-Portugal.jpg 878w\" sizes=\"(max-width: 1200px) 100vw, 1200px\" \/><figcaption>Die roten Klippen machen die K\u00fcste der Algarve zu einem einmaligen Ort<\/figcaption><\/figure>\n\n\n\n<p>Hoch \u00fcber dem Praia da Fal\u00e9sia thronen die roten Klippen, die den Ort zu einem ganz besonderen machen. Der Strand, der zum malerischen Ort Olhos de Aqua geh\u00f6rt, geh\u00f6rt mit seinen 6 Kilometern L\u00e4nge zu den l\u00e4ngsten Str\u00e4nden der Algarve und ganz sicher zu den sch\u00f6nsten. Der Strand befindet sich nur 13 Kilometer \u00f6stlich vom quirligen <a href=\"https:\/\/www.ferienhausmiete.de\/ferienwohnung-ferienhaus-urlaub\/albufeira-umland\/r5967\" target=\"_blank\" rel=\"noreferrer noopener\">Albufeira<\/a>, aber von dem Trubel des Touristenspots ist hier nichts zu sp\u00fcren. Wer hier im Herzen der Algarve Urlaub macht, sollte diesen Traumstrand unbedingt besuchen.<\/p>\n\n\n\n<hr class=\"wp-block-separator\"\/>\n\n\n\n<div class=\"wp-block-buttons is-content-justification-center is-layout-flex wp-container-core-buttons-is-layout-a89b3969 wp-block-buttons-is-layout-flex\">\n<div class=\"wp-block-button is-style-fill\"><a class=\"wp-block-button__link has-black-color has-text-color has-background\" href=\"https:\/\/www.ferienhausmiete.de\/ferienwohnung-ferienhaus-urlaub\/algarve\/r465\" style=\"background-color:#ffd618\"><strong>Alle Angebote f\u00fcr die Algarve entdecken<\/strong><\/a><\/div>\n<\/div>\n\n\n\n<hr class=\"wp-block-separator\"\/>\n\n\n\n<div style=\"height:15px\" aria-hidden=\"true\" class=\"wp-block-spacer\"><\/div>\n\n\n\n<h2 class=\"wp-block-heading\"><strong>#3 Playa de Muro Beach in Spanien<\/strong><\/h2>\n\n\n\n<figure class=\"wp-block-image size-large\"><img decoding=\"async\" width=\"1200\" height=\"800\" src=\"https:\/\/www.ferienhausmiete.de\/blog\/wp-content\/uploads\/2022\/04\/Playa-de-Muro-Mallorca-1200x800.jpg\" alt=\"Playa de Muro\" class=\"wp-image-12675\" srcset=\"https:\/\/www.ferienhausmiete.de\/blog\/wp-content\/uploads\/2022\/04\/Playa-de-Muro-Mallorca-1200x800.jpg 1200w, https:\/\/www.ferienhausmiete.de\/blog\/wp-content\/uploads\/2022\/04\/Playa-de-Muro-Mallorca-600x400.jpg 600w, https:\/\/www.ferienhausmiete.de\/blog\/wp-content\/uploads\/2022\/04\/Playa-de-Muro-Mallorca-768x513.jpg 768w, https:\/\/www.ferienhausmiete.de\/blog\/wp-content\/uploads\/2022\/04\/Playa-de-Muro-Mallorca.jpg 878w\" sizes=\"(max-width: 1200px) 100vw, 1200px\" \/><figcaption>Besonders bei Familien ist der Playa de Muro bei Alcudia beliebt <\/figcaption><\/figure>\n\n\n\n<p>Der Playa de Muro ist der l\u00e4ngste Sandstrand Mallorcas und befindet sich im <a href=\"https:\/\/www.ferienhausmiete.de\/ferienwohnung-ferienhaus-urlaub\/mallorca-norden\/r24803\" target=\"_blank\" rel=\"noreferrer noopener\">Nordosten der Insel<\/a> unweit der Orte <a href=\"https:\/\/www.ferienhausmiete.de\/ferienwohnung-ferienhaus-urlaub\/muro\/r24720\" target=\"_blank\" rel=\"noreferrer noopener\">Muro <\/a>und <a href=\"https:\/\/www.ferienhausmiete.de\/ferienwohnung-ferienhaus-urlaub\/alcudia-umland\/r25322\" target=\"_blank\" rel=\"noreferrer noopener\">Port d&#8217;Alc\u00fadia<\/a>. Durch den einfachen Zugang und die Vielzahl an Restaurants und anderen Annehmlichkeiten ist der Strand besonders bei Familien beliebt. Der Strand ist in vier Bereiche unterteilt und erstreckt sich \u00fcber 6 Kilometern L\u00e4nge. \u00dcberall gibt es feinsandigen Strand und flach abfallendes Wasser. Einige Teile des Strandes sind zudem noch sehr naturbelassen. Hier ist der Strandabschnitt von Pinien und D\u00fcnen umgeben.<\/p>\n\n\n\n<hr class=\"wp-block-separator\"\/>\n\n\n\n<div class=\"wp-block-buttons is-content-justification-center is-layout-flex wp-container-core-buttons-is-layout-a89b3969 wp-block-buttons-is-layout-flex\">\n<div class=\"wp-block-button is-style-fill\"><a class=\"wp-block-button__link has-black-color has-text-color has-background\" href=\"https:\/\/www.ferienhausmiete.de\/ferienwohnung-ferienhaus-urlaub\/mallorca\/r5830\" style=\"background-color:#ffd618\"><strong>Alle Angebote f\u00fcr Mallorca entdecken<\/strong><\/a><\/div>\n<\/div>\n\n\n\n<hr class=\"wp-block-separator\"\/>\n\n\n\n<div style=\"height:15px\" aria-hidden=\"true\" class=\"wp-block-spacer\"><\/div>\n\n\n\n<h2 class=\"wp-block-heading\"><strong>#4 Nissi Beach auf Zypern<\/strong><\/h2>\n\n\n\n<figure class=\"wp-block-image size-large\"><img loading=\"lazy\" decoding=\"async\" width=\"1200\" height=\"800\" src=\"https:\/\/www.ferienhausmiete.de\/blog\/wp-content\/uploads\/2022\/04\/Nissi-Beach-Zypern-1200x800.jpg\" alt=\"Nissi Beach auf Zypern\" class=\"wp-image-12676\" srcset=\"https:\/\/www.ferienhausmiete.de\/blog\/wp-content\/uploads\/2022\/04\/Nissi-Beach-Zypern-1200x800.jpg 1200w, https:\/\/www.ferienhausmiete.de\/blog\/wp-content\/uploads\/2022\/04\/Nissi-Beach-Zypern-600x400.jpg 600w, https:\/\/www.ferienhausmiete.de\/blog\/wp-content\/uploads\/2022\/04\/Nissi-Beach-Zypern-768x513.jpg 768w, https:\/\/www.ferienhausmiete.de\/blog\/wp-content\/uploads\/2022\/04\/Nissi-Beach-Zypern.jpg 828w\" sizes=\"(max-width: 1200px) 100vw, 1200px\" \/><figcaption>Der Nissi Beach ist meist recht voll und trubelig, trotzdem lohnt sich ein Besuch<\/figcaption><\/figure>\n\n\n\n<p>Der Nissi Beach befindet sich im beliebten Ferienort Ayia Napa auf der Mittelmeerinsel <a href=\"https:\/\/www.ferienhausmiete.de\/ferienwohnung-ferienhaus-urlaub\/zypern\/r43\" target=\"_blank\" rel=\"noreferrer noopener\">Zypern<\/a>. Der Strand ist recht klein, daf\u00fcr aber auch sehr idyllisch und mit der Blauen Flagge ausgezeichnet. Was man wissen sollte: Gerade in der Saison ist der Strand sehr \u00fcberlaufen und es herrscht viel Trubel. Wer das gerne mag, sollte sein Handtuch hier aufschlagen. F\u00fcr alle anderen gilt: Sich den Strand anschauen, bevor die Touristenst\u00fcrme einfallen und dann ein ruhigeres Pl\u00e4tzchen zum Entspannen suchen.<\/p>\n\n\n\n<h2 class=\"wp-block-heading\"><strong>#5 Lagune von Balos auf Kreta<\/strong><\/h2>\n\n\n\n<figure class=\"wp-block-image size-large\"><img loading=\"lazy\" decoding=\"async\" width=\"1200\" height=\"800\" src=\"https:\/\/www.ferienhausmiete.de\/blog\/wp-content\/uploads\/2022\/04\/Lagune-Balos-Kreta-1200x800.jpg\" alt=\"Lagune von Balos\" class=\"wp-image-12677\" srcset=\"https:\/\/www.ferienhausmiete.de\/blog\/wp-content\/uploads\/2022\/04\/Lagune-Balos-Kreta-1200x800.jpg 1200w, https:\/\/www.ferienhausmiete.de\/blog\/wp-content\/uploads\/2022\/04\/Lagune-Balos-Kreta-600x400.jpg 600w\" sizes=\"(max-width: 1200px) 100vw, 1200px\" \/><figcaption>Nat\u00fcrlich geh\u00f6rt die Lagune von Balos zu den sch\u00f6nsten Str\u00e4nden Europas<\/figcaption><\/figure>\n\n\n\n<p>Dieses sch\u00f6ne Fleckchen Erde geh\u00f6rt zurecht zu den sch\u00f6nsten Str\u00e4nden Europas. Zwischen Kap Gramvousa und Kap Tigani gelegen, gut 50 Kilometer nordwestlich der Stadt <a href=\"https:\/\/www.ferienhausmiete.de\/ferienwohnung-ferienhaus-urlaub\/chania-umland\/r4121\" target=\"_blank\" rel=\"noreferrer noopener\">Chania<\/a> gelegen, findet man hier das beliebteste Fotomotiv Kretas. Wei\u00dfer Sandstrand und t\u00fcrkisfarbenes Wasser hei\u00dfen den Besucher hier Willkommen. Wer mit dem Auto anreist, muss sich auf eine steile Treppe gefasst machen, die zum Strand f\u00fchrt. Auch eine Anreise mit der F\u00e4hre ist m\u00f6glich, diese legt in Kissamos ab. Der Nachteil des bequemeren Seewegs: Man sieht die atemberaubende Lagune nicht von oben.<\/p>\n\n\n\n<hr class=\"wp-block-separator\"\/>\n\n\n\n<div class=\"wp-block-buttons is-content-justification-center is-layout-flex wp-container-core-buttons-is-layout-a89b3969 wp-block-buttons-is-layout-flex\">\n<div class=\"wp-block-button is-style-fill\"><a class=\"wp-block-button__link has-black-color has-text-color has-background\" href=\"https:\/\/www.ferienhausmiete.de\/ferienwohnung-ferienhaus-urlaub\/kreta\/r381\" style=\"background-color:#ffd618\"><strong>Alle Angebote f\u00fcr Kreta entdecken<\/strong><\/a><\/div>\n<\/div>\n\n\n\n<hr class=\"wp-block-separator\"\/>\n\n\n\n<div class=\"wp-block-cover is-light\" style=\"min-height:150px;aspect-ratio:unset;\"><span aria-hidden=\"true\" class=\"has-background-dim-30 wp-block-cover__gradient-background has-background-dim\"><\/span><img loading=\"lazy\" decoding=\"async\" width=\"1004\" height=\"669\" class=\"wp-block-cover__image-background wp-image-12683\" alt=\"Urlaub an den sch\u00f6nsten Str\u00e4nden Europas\" src=\"https:\/\/www.ferienhausmiete.de\/blog\/wp-content\/uploads\/2022\/04\/schoenste-straende-europas.jpg\" style=\"object-position:53% 64%\" data-object-fit=\"cover\" data-object-position=\"53% 64%\" srcset=\"https:\/\/www.ferienhausmiete.de\/blog\/wp-content\/uploads\/2022\/04\/schoenste-straende-europas.jpg 1004w, https:\/\/www.ferienhausmiete.de\/blog\/wp-content\/uploads\/2022\/04\/schoenste-straende-europas-600x400.jpg 600w, https:\/\/www.ferienhausmiete.de\/blog\/wp-content\/uploads\/2022\/04\/schoenste-straende-europas-1200x800.jpg 1200w, https:\/\/www.ferienhausmiete.de\/blog\/wp-content\/uploads\/2022\/04\/schoenste-straende-europas-768x512.jpg 768w\" sizes=\"(max-width: 1004px) 100vw, 1004px\" \/><div class=\"wp-block-cover__inner-container is-layout-flow wp-block-cover-is-layout-flow\">\n<h3 class=\"has-text-align-center has-white-color has-text-color has-large-font-size wp-block-heading\"><strong>Strandurlaub in Europa<\/strong><\/h3>\n\n\n\n<div class=\"wp-block-buttons is-content-justification-center is-layout-flex wp-container-core-buttons-is-layout-a89b3969 wp-block-buttons-is-layout-flex\">\n<div class=\"wp-block-button is-style-fill\"><a class=\"wp-block-button__link has-black-color has-text-color has-background\" href=\"https:\/\/www.ferienhausmiete.de\/urlaub\/strand\/europa\/r1\" style=\"background-color:#ffd618\"><strong>Jetzt buchen<\/strong><\/a><\/div>\n<\/div>\n<\/div><\/div>\n","protected":false},"excerpt":{"rendered":"<p>Wenn man an die sch\u00f6nsten Str\u00e4nde der Welt denkt, dann denkt man wahrscheinlich an die Karibik oder zumindest wie man sich diese vorstellt: feinen Sand, klares azurblaues Wasser und Palmen, die sich leicht im Wind bewegen. Aber f\u00fcr so ein Gef\u00fchl muss man gar nicht in die Karibik fliegen &#8211; wir zeigen euch die f\u00fcnf [&hellip;]<\/p>\n","protected":false},"author":4,"featured_media":12683,"comment_status":"open","ping_status":"closed","sticky":false,"template":"","format":"standard","meta":{"footnotes":""},"categories":[14],"tags":[],"class_list":["post-12662","post","type-post","status-publish","format-standard","has-post-thumbnail","hentry","category-strandurlaub"],"_links":{"self":[{"href":"https:\/\/www.ferienhausmiete.de\/blog\/wp-json\/wp\/v2\/posts\/12662","targetHints":{"allow":["GET"]}}],"collection":[{"href":"https:\/\/www.ferienhausmiete.de\/blog\/wp-json\/wp\/v2\/posts"}],"about":[{"href":"https:\/\/www.ferienhausmiete.de\/blog\/wp-json\/wp\/v2\/types\/post"}],"author":[{"embeddable":true,"href":"https:\/\/www.ferienhausmiete.de\/blog\/wp-json\/wp\/v2\/users\/4"}],"replies":[{"embeddable":true,"href":"https:\/\/www.ferienhausmiete.de\/blog\/wp-json\/wp\/v2\/comments?post=12662"}],"version-history":[{"count":20,"href":"https:\/\/www.ferienhausmiete.de\/blog\/wp-json\/wp\/v2\/posts\/12662\/revisions"}],"predecessor-version":[{"id":13612,"href":"https:\/\/www.ferienhausmiete.de\/blog\/wp-json\/wp\/v2\/posts\/12662\/revisions\/13612"}],"wp:featuredmedia":[{"embeddable":true,"href":"https:\/\/www.ferienhausmiete.de\/blog\/wp-json\/wp\/v2\/media\/12683"}],"wp:attachment":[{"href":"https:\/\/www.ferienhausmiete.de\/blog\/wp-json\/wp\/v2\/media?parent=12662"}],"wp:term":[{"taxonomy":"category","embeddable":true,"href":"https:\/\/www.ferienhausmiete.de\/blog\/wp-json\/wp\/v2\/categories?post=12662"},{"taxonomy":"post_tag","embeddable":true,"href":"https:\/\/www.ferienhausmiete.de\/blog\/wp-json\/wp\/v2\/tags?post=12662"}],"curies":[{"name":"wp","href":"https:\/\/api.w.org\/{rel}","templated":true}]}}