{"id":16190,"date":"2023-03-22T08:10:00","date_gmt":"2023-03-22T07:10:00","guid":{"rendered":"https:\/\/www.ferienhausmiete.de\/blog\/?p=16190"},"modified":"2023-03-21T18:44:14","modified_gmt":"2023-03-21T17:44:14","slug":"10-dinge-die-du-auf-mallorca-nicht-verpassen-solltest","status":"publish","type":"post","link":"https:\/\/www.ferienhausmiete.de\/blog\/10-dinge-die-du-auf-mallorca-nicht-verpassen-solltest\/","title":{"rendered":"10 Dinge, die du auf Mallorca nicht verpassen solltest"},"content":{"rendered":"\n<p>Mallorca ist eine wundersch\u00f6ne Insel und ein beliebtes Reiseziel f\u00fcr Touristen aus der ganzen Welt. Die Insel hat so viel zu bieten, von atemberaubenden Str\u00e4nden bis hin zu historischen Sehensw\u00fcrdigkeiten und einer einzigartigen Kultur. F\u00fcr Individualurlauber ist Mallorca besonders attraktiv, da man hier auf eigene Faust die Insel erkunden und seine Reise ganz nach den eigenen W\u00fcnschen gestalten kann. In diesem Artikel m\u00f6chte ich dir 10 Dinge vorstellen, die du auf Mallorca auf keinen Fall verpassen solltest, um das Beste aus deinem Urlaub auf dieser tollen Insel herauszuholen.<\/p>\n\n\n\n<div class=\"wp-block-buttons is-layout-flex wp-block-buttons-is-layout-flex\">\n<div class=\"wp-block-button has-custom-width wp-block-button__width-100\"><a class=\"wp-block-button__link has-black-color has-text-color has-background wp-element-button\" style=\"background-color:#ffd618\"><strong>Alle Angebote f\u00fcr Mallorca entdecken<\/strong><\/a><\/div>\n<\/div>\n\n\n\n<div style=\"height:10px\" aria-hidden=\"true\" class=\"wp-block-spacer\"><\/div>\n\n\n\n<h2 class=\"wp-block-heading\"><strong>1. Die Altstadt von Palma de Mallorca<\/strong><\/h2>\n\n\n\n<p>Die Altstadt von Palma de Mallorca ist eine der sch\u00f6nsten St\u00e4dte in Europa und ein Muss f\u00fcr jeden Besucher. Hier findest du historische Geb\u00e4ude und Sehensw\u00fcrdigkeiten wie den ber\u00fchmten Palast der Almudaina und die Kathedrale von Palma. <\/p>\n\n\n\n<figure class=\"wp-block-image size-large\"><img fetchpriority=\"high\" decoding=\"async\" width=\"1200\" height=\"800\" src=\"https:\/\/www.ferienhausmiete.de\/blog\/wp-content\/uploads\/2023\/03\/Altstadt-Palma-de-Mallorca-1200x800.jpg\" alt=\"\" class=\"wp-image-16208\" srcset=\"https:\/\/www.ferienhausmiete.de\/blog\/wp-content\/uploads\/2023\/03\/Altstadt-Palma-de-Mallorca-1200x800.jpg 1200w, https:\/\/www.ferienhausmiete.de\/blog\/wp-content\/uploads\/2023\/03\/Altstadt-Palma-de-Mallorca-600x400.jpg 600w, https:\/\/www.ferienhausmiete.de\/blog\/wp-content\/uploads\/2023\/03\/Altstadt-Palma-de-Mallorca.jpg 690w\" sizes=\"(max-width: 1200px) 100vw, 1200px\" \/><figcaption class=\"wp-element-caption\">Palma de Mallorca verspr\u00fcht einen ganz besonderen Charme<\/figcaption><\/figure>\n\n\n\n<p>Ein Spaziergang durch die verwinkelten Gassen der Altstadt wird dich in die Vergangenheit versetzen und dir ein Gef\u00fchl f\u00fcr die Kultur und Geschichte Mallorcas geben.<\/p>\n\n\n\n<div class=\"wp-block-group has-background is-layout-constrained wp-block-group-is-layout-constrained\" style=\"background-color:#f0f4f4\">\n<div class=\"wp-block-columns is-layout-flex wp-container-core-columns-is-layout-28f84493 wp-block-columns-is-layout-flex\">\n<div class=\"wp-block-column is-layout-flow wp-block-column-is-layout-flow\" style=\"flex-basis:33.33%\">\n<figure class=\"wp-block-image size-full is-resized\"><img decoding=\"async\" src=\"https:\/\/www.ferienhausmiete.de\/blog\/wp-content\/uploads\/2023\/03\/Vorlage-Kreisrunde-Bilder-37.png\" alt=\"\" class=\"wp-image-16219\" width=\"304\" height=\"304\" srcset=\"https:\/\/www.ferienhausmiete.de\/blog\/wp-content\/uploads\/2023\/03\/Vorlage-Kreisrunde-Bilder-37.png 400w, https:\/\/www.ferienhausmiete.de\/blog\/wp-content\/uploads\/2023\/03\/Vorlage-Kreisrunde-Bilder-37-340x340.png 340w, https:\/\/www.ferienhausmiete.de\/blog\/wp-content\/uploads\/2023\/03\/Vorlage-Kreisrunde-Bilder-37-100x100.png 100w\" sizes=\"(max-width: 304px) 100vw, 304px\" \/><\/figure>\n<\/div>\n\n\n\n<div class=\"wp-block-column has-background is-layout-flow wp-block-column-is-layout-flow\" style=\"background-color:#f0f4f4;flex-basis:66.66%\">\n<ul class=\"wp-block-list\">\n<li>Plane genug Zeit ein, um durch die engen Gassen zu schlendern und die verschiedenen Pl\u00e4tze zu erkunden.<\/li>\n\n\n\n<li>Besuche die Pla\u00e7a Major, um das pulsierende Leben der Stadt zu erleben.<\/li>\n\n\n\n<li>Nimm an einer gef\u00fchrten Tour teil, um die Geschichte der Altstadt kennenzulernen.<\/li>\n<\/ul>\n<\/div>\n<\/div>\n<\/div>\n\n\n\n<div class=\"wp-block-buttons is-layout-flex wp-block-buttons-is-layout-flex\">\n<div class=\"wp-block-button has-custom-width wp-block-button__width-100\"><a class=\"wp-block-button__link has-black-color has-text-color has-background wp-element-button\" href=\"https:\/\/www.ferienhausmiete.de\/ferienwohnung-ferienhaus-urlaub\/mallorca-sueden\/r24801\" style=\"background-color:#ffd618\" target=\"_blank\" rel=\"noreferrer noopener\"><strong>Alle Angebote f\u00fcr den S\u00fcden Mallorcas entdecken<\/strong><\/a><\/div>\n<\/div>\n\n\n\n<div style=\"height:20px\" aria-hidden=\"true\" class=\"wp-block-spacer\"><\/div>\n\n\n\n<h2 class=\"wp-block-heading\"><strong>2. Die Kathedrale La Seu in Palma<\/strong><\/h2>\n\n\n\n<p>Die Kathedrale von Palma, auch bekannt als La Seu, ist ein architektonisches Meisterwerk und eine der sch\u00f6nsten Kirchen der Welt. Sie ist ein beeindruckendes gotisches Bauwerk, das im 13. Jahrhundert auf den Ruinen einer alten Moschee errichtet wurde. Die Arbeiten an der Kathedrale begannen im Jahr 1229, nachdem K\u00f6nig Jaume I. die Insel von den Mauren zur\u00fcckerobert hatte. Die Arbeiten an der Kathedrale dauerten \u00fcber 400 Jahre und die endg\u00fcltige Fertigstellung fand erst im Jahr 1601 statt. Im Laufe der Jahrhunderte wurden mehrere Ver\u00e4nderungen an der Kathedrale vorgenommen, darunter eine Restaurierung im 20. Jahrhundert unter der Leitung des Architekten Antoni Gaud\u00ed. Heute ist La Seu nicht nur ein religi\u00f6ses Zentrum, sondern auch eine wichtige Touristenattraktion auf Mallorca.<\/p>\n\n\n\n<figure class=\"wp-block-image size-large\"><img decoding=\"async\" width=\"1200\" height=\"800\" src=\"https:\/\/www.ferienhausmiete.de\/blog\/wp-content\/uploads\/2023\/03\/La-Seu-Palma-1200x800.jpg\" alt=\"\" class=\"wp-image-16227\" srcset=\"https:\/\/www.ferienhausmiete.de\/blog\/wp-content\/uploads\/2023\/03\/La-Seu-Palma-1200x800.jpg 1200w, https:\/\/www.ferienhausmiete.de\/blog\/wp-content\/uploads\/2023\/03\/La-Seu-Palma-600x400.jpg 600w\" sizes=\"(max-width: 1200px) 100vw, 1200px\" \/><figcaption class=\"wp-element-caption\">Eine imposante Augenweide: Die Kathedrale La Seu<\/figcaption><\/figure>\n\n\n\n<p>Der Anblick der Kathedrale von Palma von der Pla\u00e7a de la Seu aus ist ein Highlight, das du nicht verpassen solltest.<\/p>\n\n\n\n<div class=\"wp-block-group has-background is-layout-constrained wp-block-group-is-layout-constrained\" style=\"background-color:#f0f4f4\">\n<div class=\"wp-block-columns is-layout-flex wp-container-core-columns-is-layout-28f84493 wp-block-columns-is-layout-flex\">\n<div class=\"wp-block-column is-layout-flow wp-block-column-is-layout-flow\" style=\"flex-basis:33.33%\">\n<figure class=\"wp-block-image size-full is-resized\"><img decoding=\"async\" src=\"https:\/\/www.ferienhausmiete.de\/blog\/wp-content\/uploads\/2023\/03\/Vorlage-Kreisrunde-Bilder-37.png\" alt=\"\" class=\"wp-image-16219\" width=\"304\" height=\"304\" srcset=\"https:\/\/www.ferienhausmiete.de\/blog\/wp-content\/uploads\/2023\/03\/Vorlage-Kreisrunde-Bilder-37.png 400w, https:\/\/www.ferienhausmiete.de\/blog\/wp-content\/uploads\/2023\/03\/Vorlage-Kreisrunde-Bilder-37-340x340.png 340w, https:\/\/www.ferienhausmiete.de\/blog\/wp-content\/uploads\/2023\/03\/Vorlage-Kreisrunde-Bilder-37-100x100.png 100w\" sizes=\"(max-width: 304px) 100vw, 304px\" \/><\/figure>\n<\/div>\n\n\n\n<div class=\"wp-block-column has-background is-layout-flow wp-block-column-is-layout-flow\" style=\"background-color:#f0f4f4;flex-basis:66.66%\">\n<ul class=\"wp-block-list\">\n<li>Komm fr\u00fch am Morgen, um die Menschenmassen zu meiden.<\/li>\n\n\n\n<li>Wenn du die Kathedrale besuchst, solltest du auch die Terrasse besichtigen, von der aus du einen atemberaubenden Blick auf Palma und das Meer hast.<\/li>\n\n\n\n<li>Buche eine F\u00fchrung, um mehr \u00fcber die Geschichte und die Kunstwerke der Kathedrale zu erfahren.<\/li>\n<\/ul>\n<\/div>\n<\/div>\n<\/div>\n\n\n\n<div style=\"height:20px\" aria-hidden=\"true\" class=\"wp-block-spacer\"><\/div>\n\n\n\n<h2 class=\"wp-block-heading\"><strong>3. Das Tramuntana-Gebirge<\/strong><\/h2>\n\n\n\n<p>Das La Tramuntana Gebirge ist eine beeindruckende Bergkette, die sich entlang der Nordwestk\u00fcste von Mallorca erstreckt und von der UNESCO zum Weltkulturerbe erkl\u00e4rt wurde. Die Berge sind bekannt f\u00fcr ihre spektakul\u00e4re Landschaft mit steilen Felsklippen, tiefen Schluchten, Olivenhainen und charmanten D\u00f6rfern. Wanderer und Naturbegeisterte kommen hier voll auf ihre Kosten und k\u00f6nnen aus zahlreichen Wanderwegen und Routen w\u00e4hlen, die durch die Berglandschaft f\u00fchren. <\/p>\n\n\n\n<figure class=\"wp-block-image size-large\"><img loading=\"lazy\" decoding=\"async\" width=\"1200\" height=\"800\" src=\"https:\/\/www.ferienhausmiete.de\/blog\/wp-content\/uploads\/2023\/03\/Tramuntana-Gebirge-Mallorca-1200x800.jpg\" alt=\"\" class=\"wp-image-16230\" srcset=\"https:\/\/www.ferienhausmiete.de\/blog\/wp-content\/uploads\/2023\/03\/Tramuntana-Gebirge-Mallorca-1200x800.jpg 1200w, https:\/\/www.ferienhausmiete.de\/blog\/wp-content\/uploads\/2023\/03\/Tramuntana-Gebirge-Mallorca-600x400.jpg 600w\" sizes=\"(max-width: 1200px) 100vw, 1200px\" \/><figcaption class=\"wp-element-caption\">Eine Wanderung durch das Tramuntana-Gebirge ist empfehlenswert\n<\/figcaption><\/figure>\n\n\n\n<p>Das Gebirge beheimatet auch eine vielf\u00e4ltige Tier- und Pflanzenwelt, darunter seltene Vogelarten und endemische Pflanzen. La Tramuntana ist nicht nur ein beliebtes Ziel f\u00fcr Wanderer und Naturliebhaber, sondern auch f\u00fcr Kulturinteressierte, die die historischen D\u00f6rfer und Kl\u00f6ster der Region erkunden m\u00f6chten.<\/p>\n\n\n\n<div class=\"wp-block-group has-background is-layout-constrained wp-block-group-is-layout-constrained\" style=\"background-color:#f0f4f4\">\n<div class=\"wp-block-columns is-layout-flex wp-container-core-columns-is-layout-28f84493 wp-block-columns-is-layout-flex\">\n<div class=\"wp-block-column is-layout-flow wp-block-column-is-layout-flow\" style=\"flex-basis:33.33%\">\n<figure class=\"wp-block-image size-full is-resized\"><img decoding=\"async\" src=\"https:\/\/www.ferienhausmiete.de\/blog\/wp-content\/uploads\/2023\/03\/Vorlage-Kreisrunde-Bilder-37.png\" alt=\"\" class=\"wp-image-16219\" width=\"304\" height=\"304\" srcset=\"https:\/\/www.ferienhausmiete.de\/blog\/wp-content\/uploads\/2023\/03\/Vorlage-Kreisrunde-Bilder-37.png 400w, https:\/\/www.ferienhausmiete.de\/blog\/wp-content\/uploads\/2023\/03\/Vorlage-Kreisrunde-Bilder-37-340x340.png 340w, https:\/\/www.ferienhausmiete.de\/blog\/wp-content\/uploads\/2023\/03\/Vorlage-Kreisrunde-Bilder-37-100x100.png 100w\" sizes=\"(max-width: 304px) 100vw, 304px\" \/><\/figure>\n<\/div>\n\n\n\n<div class=\"wp-block-column has-background is-layout-flow wp-block-column-is-layout-flow\" style=\"background-color:#f0f4f4;flex-basis:66.66%\">\n<ul class=\"wp-block-list\">\n<li>Achte auf das Wetter und w\u00e4hle einen Tag mit guter Sicht, um die spektakul\u00e4re Landschaft zu genie\u00dfen.<\/li>\n\n\n\n<li>Miete ein Auto oder buche eine gef\u00fchrte Tour, um die besten Aussichtspunkte und Wanderwege zu finden.<\/li>\n\n\n\n<li>Besuche das malerische Dorf Valldemossa und spaziere durch die malerischen Stra\u00dfen.<\/li>\n<\/ul>\n<\/div>\n<\/div>\n<\/div>\n\n\n\n<div style=\"height:20px\" aria-hidden=\"true\" class=\"wp-block-spacer\"><\/div>\n\n\n\n<h2 class=\"wp-block-heading\"><strong>4. Der Strand Es Trenc<\/strong><\/h2>\n\n\n\n<p>Es Trenc ist einer der sch\u00f6nsten Str\u00e4nde auf Mallorca und ein Paradies f\u00fcr Strandliebhaber. Er liegt an der S\u00fcdk\u00fcste Mallorcas zwischen den Orten Campos und Colonia de Sant Jordi. Der wei\u00dfe Sand und das kristallklare Wasser machen ihn zu einem der besten Str\u00e4nde der Insel. <\/p>\n\n\n\n<figure class=\"wp-block-image size-large\"><img loading=\"lazy\" decoding=\"async\" width=\"1200\" height=\"800\" src=\"https:\/\/www.ferienhausmiete.de\/blog\/wp-content\/uploads\/2023\/03\/Strand-Es-Trenc-1200x800.jpg\" alt=\"\" class=\"wp-image-16231\" srcset=\"https:\/\/www.ferienhausmiete.de\/blog\/wp-content\/uploads\/2023\/03\/Strand-Es-Trenc-1200x800.jpg 1200w, https:\/\/www.ferienhausmiete.de\/blog\/wp-content\/uploads\/2023\/03\/Strand-Es-Trenc-600x400.jpg 600w\" sizes=\"(max-width: 1200px) 100vw, 1200px\" \/><figcaption class=\"wp-element-caption\">Einer der sch\u00f6nsten Str\u00e4nde der Insel: Es Trenc<\/figcaption><\/figure>\n\n\n\n<p>Parkpl\u00e4tze gibt es hier in Strandn\u00e4he. Zudem gibt es auch eine gute Auswahl an Restaurants, Caf\u00e9s und Bars sowie mehrere Strandbars, die Erfrischungen und Snacks anbieten. Auch Sonnenliegen und Sonnenschirme kann man mieten, zus\u00e4tzlich gibt es Duschen und Umkleidekabinen. Hier kannst du entspannen, sonnenbaden und das warme Mittelmeer genie\u00dfen.<\/p>\n\n\n\n<blockquote class=\"wp-block-quote has-background is-layout-flow wp-block-quote-is-layout-flow\" style=\"background-color:#f0f4f4\">\n<h3 class=\"has-text-align-center has-text-color has-background wp-block-heading\" style=\"color:#3973b9;background-color:#f0f4f4\"><strong>Weitere sehenswerte Str\u00e4nde auf Mallorca<\/strong><\/h3>\n\n\n\n<ul class=\"wp-block-list\">\n<li>Cala Agulla: Ein atemberaubender Strand an der Ostk\u00fcste Mallorcas mit kristallklarem Wasser und feinem Sand.<\/li>\n\n\n\n<li>Cala Varques: Ein unber\u00fchrter Strand an der Ostk\u00fcste mit t\u00fcrkisfarbenem Wasser und umgeben von Felsw\u00e4nden.<\/li>\n\n\n\n<li>Cala Mondrag\u00f3: Ein malerischer Strand im Naturschutzgebiet Mondrag\u00f3 im S\u00fcdosten von Mallorca, umgeben von \u00fcppiger Vegetation und wei\u00dfem Sand.<\/li>\n\n\n\n<li>Playa de Muro: Ein breiter und langer Strand im Norden der Insel mit klarem Wasser und sanftem Wellengang.<\/li>\n\n\n\n<li>Cala Mesquida: Ein weiterer unber\u00fchrter Strand an der Nordostk\u00fcste mit wei\u00dfem Sand und kristallklarem Wasser.<\/li>\n\n\n\n<li>Cala Llombards: Ein kleiner, malerischer Strand im S\u00fcdosten von Mallorca, der von Felsklippen und t\u00fcrkisfarbenem Wasser umgeben ist.<\/li>\n<\/ul>\n<\/blockquote>\n\n\n\n<div style=\"height:20px\" aria-hidden=\"true\" class=\"wp-block-spacer\"><\/div>\n\n\n\n<h2 class=\"wp-block-heading\"><strong>5. Der Hafen von S\u00f3ller<\/strong><\/h2>\n\n\n\n<p>Der Hafen von S\u00f3ller ist ein wundersch\u00f6ner Ort, um das Meer zu genie\u00dfen. Hier findest du viele Restaurants und Caf\u00e9s, wo du entspannen und die Aussicht genie\u00dfen kannst. <\/p>\n\n\n\n<figure class=\"wp-block-image size-large\"><img loading=\"lazy\" decoding=\"async\" width=\"1200\" height=\"800\" src=\"https:\/\/www.ferienhausmiete.de\/blog\/wp-content\/uploads\/2023\/03\/Hafen-von-Soller-1200x800.jpg\" alt=\"\" class=\"wp-image-16232\" srcset=\"https:\/\/www.ferienhausmiete.de\/blog\/wp-content\/uploads\/2023\/03\/Hafen-von-Soller-1200x800.jpg 1200w, https:\/\/www.ferienhausmiete.de\/blog\/wp-content\/uploads\/2023\/03\/Hafen-von-Soller-600x400.jpg 600w\" sizes=\"(max-width: 1200px) 100vw, 1200px\" \/><\/figure>\n\n\n\n<p>Die Umgebung des Hafens ist auch sehr malerisch und l\u00e4dt zu einem Spaziergang ein.<\/p>\n\n\n\n<div class=\"wp-block-group has-background is-layout-constrained wp-block-group-is-layout-constrained\" style=\"background-color:#f0f4f4\">\n<div class=\"wp-block-columns is-layout-flex wp-container-core-columns-is-layout-28f84493 wp-block-columns-is-layout-flex\">\n<div class=\"wp-block-column is-layout-flow wp-block-column-is-layout-flow\" style=\"flex-basis:33.33%\">\n<figure class=\"wp-block-image size-full\"><img loading=\"lazy\" decoding=\"async\" width=\"400\" height=\"400\" src=\"https:\/\/www.ferienhausmiete.de\/blog\/wp-content\/uploads\/2023\/03\/Vorlage-Kreisrunde-Bilder-37.png\" alt=\"\" class=\"wp-image-16219\" srcset=\"https:\/\/www.ferienhausmiete.de\/blog\/wp-content\/uploads\/2023\/03\/Vorlage-Kreisrunde-Bilder-37.png 400w, https:\/\/www.ferienhausmiete.de\/blog\/wp-content\/uploads\/2023\/03\/Vorlage-Kreisrunde-Bilder-37-340x340.png 340w, https:\/\/www.ferienhausmiete.de\/blog\/wp-content\/uploads\/2023\/03\/Vorlage-Kreisrunde-Bilder-37-100x100.png 100w\" sizes=\"(max-width: 400px) 100vw, 400px\" \/><\/figure>\n<\/div>\n\n\n\n<div class=\"wp-block-column has-background is-layout-flow wp-block-column-is-layout-flow\" style=\"background-color:#f0f4f4;flex-basis:66.66%\">\n<ul class=\"wp-block-list\">\n<li>Nimm die historische Stra\u00dfenbahn vom Stadtzentrum von S\u00f3ller zum Hafen, um eine einmalige Fahrt durch die Landschaft zu genie\u00dfen.<\/li>\n\n\n\n<li>Probiere die lokale K\u00fcche in einem der Restaurants am Hafen, w\u00e4hrend du den Blick auf die Boote und das Meer genie\u00dft.<\/li>\n\n\n\n<li>Plane genug Zeit ein, um durch die kleinen Gesch\u00e4fte und Boutiquen zu st\u00f6bern.<\/li>\n<\/ul>\n<\/div>\n<\/div>\n<\/div>\n\n\n\n<div class=\"wp-block-buttons is-layout-flex wp-block-buttons-is-layout-flex\">\n<div class=\"wp-block-button has-custom-width wp-block-button__width-100\"><a class=\"wp-block-button__link has-black-color has-text-color has-background wp-element-button\" href=\"https:\/\/www.ferienhausmiete.de\/ferienwohnung-ferienhaus-urlaub\/mallorca-westen\/r24802\" style=\"background-color:#ffd618\" target=\"_blank\" rel=\"noreferrer noopener\"><strong>Alle Angebote f\u00fcr den Westen Mallorcas entdecken<\/strong><\/a><\/div>\n<\/div>\n\n\n\n<div style=\"height:20px\" aria-hidden=\"true\" class=\"wp-block-spacer\"><\/div>\n\n\n\n<h2 class=\"wp-block-heading\"><strong>6. Santuari de Lluc<\/strong><\/h2>\n\n\n\n<p>Das Santuari de Lluc ist ein wichtiger Wallfahrtsort auf Mallorca und ein Ort der Ruhe und Besinnung. Es befindet sich im Westen der Insel, inmitten des Tramunta-Gebirges. Die Urspr\u00fcnge der Anlage gehen auf das 13. Jahrhundert zur\u00fcck. Hier findest du viele sch\u00f6ne Geb\u00e4ude, Kirchen und sogar einen kleinen botanischen Garten. <\/p>\n\n\n\n<figure class=\"wp-block-image size-large\"><img loading=\"lazy\" decoding=\"async\" width=\"1200\" height=\"800\" src=\"https:\/\/www.ferienhausmiete.de\/blog\/wp-content\/uploads\/2023\/03\/KLoster-LLuc-1200x800.jpg\" alt=\"\" class=\"wp-image-16240\" srcset=\"https:\/\/www.ferienhausmiete.de\/blog\/wp-content\/uploads\/2023\/03\/KLoster-LLuc-1200x800.jpg 1200w, https:\/\/www.ferienhausmiete.de\/blog\/wp-content\/uploads\/2023\/03\/KLoster-LLuc-600x400.jpg 600w, https:\/\/www.ferienhausmiete.de\/blog\/wp-content\/uploads\/2023\/03\/KLoster-LLuc.jpg 640w\" sizes=\"(max-width: 1200px) 100vw, 1200px\" \/><figcaption class=\"wp-element-caption\">Kloster Lluc\n<\/figcaption><\/figure>\n\n\n\n<p> Das Kloster ist von Bergen umgeben und bietet einen spektakul\u00e4ren Blick auf die Landschaft.<\/p>\n\n\n\n<div class=\"wp-block-group has-background is-layout-constrained wp-block-group-is-layout-constrained\" style=\"background-color:#f0f4f4\">\n<div class=\"wp-block-columns is-layout-flex wp-container-core-columns-is-layout-28f84493 wp-block-columns-is-layout-flex\">\n<div class=\"wp-block-column is-layout-flow wp-block-column-is-layout-flow\" style=\"flex-basis:33.33%\">\n<figure class=\"wp-block-image size-full\"><img loading=\"lazy\" decoding=\"async\" width=\"400\" height=\"400\" src=\"https:\/\/www.ferienhausmiete.de\/blog\/wp-content\/uploads\/2023\/03\/Vorlage-Kreisrunde-Bilder-37.png\" alt=\"\" class=\"wp-image-16219\" srcset=\"https:\/\/www.ferienhausmiete.de\/blog\/wp-content\/uploads\/2023\/03\/Vorlage-Kreisrunde-Bilder-37.png 400w, https:\/\/www.ferienhausmiete.de\/blog\/wp-content\/uploads\/2023\/03\/Vorlage-Kreisrunde-Bilder-37-340x340.png 340w, https:\/\/www.ferienhausmiete.de\/blog\/wp-content\/uploads\/2023\/03\/Vorlage-Kreisrunde-Bilder-37-100x100.png 100w\" sizes=\"(max-width: 400px) 100vw, 400px\" \/><\/figure>\n<\/div>\n\n\n\n<div class=\"wp-block-column has-background is-layout-flow wp-block-column-is-layout-flow\" style=\"background-color:#f0f4f4;flex-basis:66.66%\">\n<ul class=\"wp-block-list\">\n<li>Das Kloster kann immer besucht werden, allerdings ist das Museum an \u00d6ffnungszeiten gebunden<\/li>\n\n\n\n<li>Wer dem ber\u00fchmten Knabenchor &#8222;Els Blauet&#8220; lauschen m\u00f6chte: w\u00e4hrend der Schulzeiten tgl. um 11:15 Uhr und um 16:45 Uhr<\/li>\n\n\n\n<li>Am ersten Samstag im August findet der gro\u00dfe Pilgermarsch statt<\/li>\n<\/ul>\n<\/div>\n<\/div>\n<\/div>\n\n\n\n<div style=\"height:20px\" aria-hidden=\"true\" class=\"wp-block-spacer\"><\/div>\n\n\n\n<h2 class=\"wp-block-heading\"><strong>7. Die Cuevas del Drach<\/strong><\/h2>\n\n\n\n<p>Die <a href=\"https:\/\/www.cuevasdeldrach.com\/de\/\" target=\"_blank\" rel=\"noreferrer noopener\">Cuevas del Drach<\/a>, auch bekannt als die Drachenh\u00f6hlen, sind eine der wichtigsten Sehensw\u00fcrdigkeiten auf Mallorca. Diese Tropfsteinh\u00f6hlen sind bekannt f\u00fcr ihre beeindruckenden Formationen, unterirdischen Seen und Grotten. Der Name der H\u00f6hlen bezieht sich auf einen unterirdischen See, der als einer der gr\u00f6\u00dften unterirdischen Seen der Welt gilt. <\/p>\n\n\n\n<figure class=\"wp-block-image size-large\"><img loading=\"lazy\" decoding=\"async\" width=\"1200\" height=\"800\" src=\"https:\/\/www.ferienhausmiete.de\/blog\/wp-content\/uploads\/2023\/03\/Cuevas-del-Drach-1200x800.jpg\" alt=\"\" class=\"wp-image-16243\" srcset=\"https:\/\/www.ferienhausmiete.de\/blog\/wp-content\/uploads\/2023\/03\/Cuevas-del-Drach-1200x800.jpg 1200w, https:\/\/www.ferienhausmiete.de\/blog\/wp-content\/uploads\/2023\/03\/Cuevas-del-Drach-600x400.jpg 600w, https:\/\/www.ferienhausmiete.de\/blog\/wp-content\/uploads\/2023\/03\/Cuevas-del-Drach.jpg 627w\" sizes=\"(max-width: 1200px) 100vw, 1200px\" \/><figcaption class=\"wp-element-caption\">Cuevas del Drach<\/figcaption><\/figure>\n\n\n\n<p>Besucher k\u00f6nnen eine Tour durch die H\u00f6hlen machen, bei der sie die faszinierende Sch\u00f6nheit der H\u00f6hlen bewundern und am Ende der Tour eine musikalische Performance auf dem See erleben k\u00f6nnen. Die H\u00f6hlen wurden erstmals im 19. Jahrhundert entdeckt und sind seitdem zu einer der wichtigsten Touristenattraktionen auf Mallorca geworden. <\/p>\n\n\n\n<div class=\"wp-block-group has-background is-layout-constrained wp-block-group-is-layout-constrained\" style=\"background-color:#f0f4f4\">\n<div class=\"wp-block-columns is-layout-flex wp-container-core-columns-is-layout-28f84493 wp-block-columns-is-layout-flex\">\n<div class=\"wp-block-column is-layout-flow wp-block-column-is-layout-flow\" style=\"flex-basis:33.33%\">\n<figure class=\"wp-block-image size-full\"><img loading=\"lazy\" decoding=\"async\" width=\"400\" height=\"400\" src=\"https:\/\/www.ferienhausmiete.de\/blog\/wp-content\/uploads\/2023\/03\/Vorlage-Kreisrunde-Bilder-37.png\" alt=\"\" class=\"wp-image-16219\" srcset=\"https:\/\/www.ferienhausmiete.de\/blog\/wp-content\/uploads\/2023\/03\/Vorlage-Kreisrunde-Bilder-37.png 400w, https:\/\/www.ferienhausmiete.de\/blog\/wp-content\/uploads\/2023\/03\/Vorlage-Kreisrunde-Bilder-37-340x340.png 340w, https:\/\/www.ferienhausmiete.de\/blog\/wp-content\/uploads\/2023\/03\/Vorlage-Kreisrunde-Bilder-37-100x100.png 100w\" sizes=\"(max-width: 400px) 100vw, 400px\" \/><\/figure>\n<\/div>\n\n\n\n<div class=\"wp-block-column has-background is-layout-flow wp-block-column-is-layout-flow\" style=\"background-color:#f0f4f4;flex-basis:66.66%\">\n<ul class=\"wp-block-list\">\n<li>Buche deine Tickets <a href=\"https:\/\/www.cuevasdeldrach.com\/de\/venta-entradas.php\" target=\"_blank\" rel=\"noreferrer noopener\">online<\/a>, so sparst du Wartezeiten und erh\u00e4ltst auch noch eine Erm\u00e4\u00dfigung auf den Eintrittspreis<\/li>\n\n\n\n<li>Die Besichtigung der H\u00f6he dauert etwa eine Stunde. Im Preis inbegriffen: ein Live-Konzert und die \u00dcberquerung des Lago Martel mit dem Boot oder zu Fu\u00df \u00fcber die Br\u00fccke<\/li>\n\n\n\n<li>Gut zu wissen: In der H\u00f6hle schwanken die Temperaturen 17\u00baC und 21\u00baC.<\/li>\n<\/ul>\n<\/div>\n<\/div>\n<\/div>\n\n\n\n<div class=\"wp-block-buttons is-layout-flex wp-block-buttons-is-layout-flex\">\n<div class=\"wp-block-button has-custom-width wp-block-button__width-100\"><a class=\"wp-block-button__link has-black-color has-text-color has-background wp-element-button\" href=\"https:\/\/www.ferienhausmiete.de\/ferienwohnung-ferienhaus-urlaub\/mallorca-osten-\/r24800\" style=\"background-color:#ffd618\" target=\"_blank\" rel=\"noreferrer noopener\"><strong>Alle Angebote f\u00fcr den Osten Mallorcas entdecken<\/strong><\/a><\/div>\n<\/div>\n\n\n\n<div style=\"height:20px\" aria-hidden=\"true\" class=\"wp-block-spacer\"><\/div>\n\n\n\n<h2 class=\"wp-block-heading\"><strong>8. Die Bodegas von Binissalem<\/strong><\/h2>\n\n\n\n<p>Binissalem ist ein bekanntes Weinanbaugebiet auf Mallorca, und es gibt hier viele Weing\u00fcter, die man besuchen kann. Hier kannst du den Wein probieren und mehr \u00fcber die Herstellung erfahren. Die Bodegas von Binissalem sind besonders sch\u00f6n und bieten eine tolle Gelegenheit, die Weinberge zu besichtigen und die Landschaft zu genie\u00dfen. <\/p>\n\n\n\n<figure class=\"wp-block-image size-large\"><img loading=\"lazy\" decoding=\"async\" width=\"1200\" height=\"800\" src=\"https:\/\/www.ferienhausmiete.de\/blog\/wp-content\/uploads\/2023\/03\/Weingut-Mallorca-1200x800.jpg\" alt=\"\" class=\"wp-image-16245\" srcset=\"https:\/\/www.ferienhausmiete.de\/blog\/wp-content\/uploads\/2023\/03\/Weingut-Mallorca-1200x800.jpg 1200w, https:\/\/www.ferienhausmiete.de\/blog\/wp-content\/uploads\/2023\/03\/Weingut-Mallorca-600x400.jpg 600w, https:\/\/www.ferienhausmiete.de\/blog\/wp-content\/uploads\/2023\/03\/Weingut-Mallorca.jpg 671w\" sizes=\"(max-width: 1200px) 100vw, 1200px\" \/><figcaption class=\"wp-element-caption\">Der Besuch eines Weingutes geh\u00f6rt zu einem Urlaub auf Mallorca dazu<\/figcaption><\/figure>\n\n\n\n<p>Eine der bekanntesten Rebsorten auf Mallorca ist die einheimische Manto Negro Traube, die oft in Rotweinen verwendet wird. Es gibt auch eine Vielzahl von Wei\u00dfweinen, die aus der Prensal Blanc Traube hergestellt werden, die ebenfalls auf der Insel heimisch ist. Andere beliebte Rebsorten auf Mallorca sind Syrah, Cabernet Sauvignon und Merlot. Wenn du ein Weinliebhaber bist, solltest du dir eine Weinverkostung nicht entgehen lassen.<\/p>\n\n\n\n<div class=\"wp-block-buttons is-layout-flex wp-block-buttons-is-layout-flex\">\n<div class=\"wp-block-button has-custom-width wp-block-button__width-100\"><a class=\"wp-block-button__link has-black-color has-text-color has-background wp-element-button\" href=\"https:\/\/www.ferienhausmiete.de\/ferienwohnung-ferienhaus-urlaub\/mallorca-inselmitte\/r24804\" style=\"background-color:#ffd618\" target=\"_blank\" rel=\"noreferrer noopener\"><strong>Alle Angebote f\u00fcr Mallorcas Inselmitte entdecken<\/strong><\/a><\/div>\n<\/div>\n\n\n\n<div style=\"height:20px\" aria-hidden=\"true\" class=\"wp-block-spacer\"><\/div>\n\n\n\n<h2 class=\"wp-block-heading\"><strong>9. Das Cap de Formentor<\/strong><\/h2>\n\n\n\n<p>Das Cap de Formentor ist eine der atemberaubendsten Landschaften auf Mallorca. Die Fahrt dorthin entlang der Serpentinenstra\u00dfe ist schon ein Erlebnis f\u00fcr sich. Oben angekommen wirst du mit einem spektakul\u00e4ren Blick auf das Meer und die Berge belohnt. <\/p>\n\n\n\n<figure class=\"wp-block-image size-large\"><img loading=\"lazy\" decoding=\"async\" width=\"1200\" height=\"800\" src=\"https:\/\/www.ferienhausmiete.de\/blog\/wp-content\/uploads\/2023\/03\/Cap-de-Formentor-1200x800.jpg\" alt=\"\" class=\"wp-image-16246\" srcset=\"https:\/\/www.ferienhausmiete.de\/blog\/wp-content\/uploads\/2023\/03\/Cap-de-Formentor-1200x800.jpg 1200w, https:\/\/www.ferienhausmiete.de\/blog\/wp-content\/uploads\/2023\/03\/Cap-de-Formentor-600x400.jpg 600w, https:\/\/www.ferienhausmiete.de\/blog\/wp-content\/uploads\/2023\/03\/Cap-de-Formentor.jpg 728w\" sizes=\"(max-width: 1200px) 100vw, 1200px\" \/><figcaption class=\"wp-element-caption\">Cap de Formentor: Die Aussicht ist einmalig<\/figcaption><\/figure>\n\n\n\n<p>Es ist ein gro\u00dfartiger Ort, um den Sonnenuntergang zu genie\u00dfen und ein Picknick zu machen. Aber Achtung: Im Sommer wird es hier sehr voll. <\/p>\n\n\n\n<div class=\"wp-block-group has-background is-layout-constrained wp-block-group-is-layout-constrained\" style=\"background-color:#f0f4f4\">\n<div class=\"wp-block-columns is-layout-flex wp-container-core-columns-is-layout-28f84493 wp-block-columns-is-layout-flex\">\n<div class=\"wp-block-column is-layout-flow wp-block-column-is-layout-flow\" style=\"flex-basis:33.33%\">\n<figure class=\"wp-block-image size-full\"><img loading=\"lazy\" decoding=\"async\" width=\"400\" height=\"400\" src=\"https:\/\/www.ferienhausmiete.de\/blog\/wp-content\/uploads\/2023\/03\/Vorlage-Kreisrunde-Bilder-37.png\" alt=\"\" class=\"wp-image-16219\" srcset=\"https:\/\/www.ferienhausmiete.de\/blog\/wp-content\/uploads\/2023\/03\/Vorlage-Kreisrunde-Bilder-37.png 400w, https:\/\/www.ferienhausmiete.de\/blog\/wp-content\/uploads\/2023\/03\/Vorlage-Kreisrunde-Bilder-37-340x340.png 340w, https:\/\/www.ferienhausmiete.de\/blog\/wp-content\/uploads\/2023\/03\/Vorlage-Kreisrunde-Bilder-37-100x100.png 100w\" sizes=\"(max-width: 400px) 100vw, 400px\" \/><\/figure>\n<\/div>\n\n\n\n<div class=\"wp-block-column has-background is-layout-flow wp-block-column-is-layout-flow\" style=\"background-color:#f0f4f4;flex-basis:66.66%\">\n<ul class=\"wp-block-list\">\n<li>Es gibt Zufahrtsbeschr\u00e4nkungen f\u00fcr Autos in den Sommermonaten. Alternativ kann man den regelm\u00e4\u00dfig verkehrenden Busshuttle nutzen, der in Alcudia und Port de Pollenca startet. <\/li>\n\n\n\n<li>Nicht nur ein Ausflug zum Leuchtturm lohnt sich. Entlang der Bucht liegen wundersch\u00f6ne Orte wie Cala Figuera&nbsp;und Cala Murta <\/li>\n\n\n\n<li>Badesachen nicht vergessen. Die Buchten hier sind traumhaft sch\u00f6n!<\/li>\n<\/ul>\n<\/div>\n<\/div>\n<\/div>\n\n\n\n<div class=\"wp-block-buttons is-layout-flex wp-block-buttons-is-layout-flex\">\n<div class=\"wp-block-button has-custom-width wp-block-button__width-100\"><a class=\"wp-block-button__link has-black-color has-text-color has-background wp-element-button\" href=\"https:\/\/www.ferienhausmiete.de\/ferienwohnung-ferienhaus-urlaub\/mallorca-norden\/r24803\" style=\"background-color:#ffd618\" target=\"_blank\" rel=\"noreferrer noopener\"><strong>Alle Angebote f\u00fcr den Norden Mallorcas entdecken<\/strong><\/a><\/div>\n<\/div>\n\n\n\n<div style=\"height:20px\" aria-hidden=\"true\" class=\"wp-block-spacer\"><\/div>\n\n\n\n<h2 class=\"wp-block-heading\"><strong>10. Der Markt von Sineu<\/strong><\/h2>\n\n\n\n<p>Der Markt von Sineu ist der \u00e4lteste Markt auf Mallorca und ein Muss f\u00fcr jeden Besucher. Er findet jeden Mittwoch statt und bietet eine breite Auswahl an lokalen Produkten wie Oliven\u00f6l, K\u00e4se, Wurstwaren und frischem Obst und Gem\u00fcse. <\/p>\n\n\n\n<figure class=\"wp-block-image size-large\"><img loading=\"lazy\" decoding=\"async\" width=\"1200\" height=\"800\" src=\"https:\/\/www.ferienhausmiete.de\/blog\/wp-content\/uploads\/2023\/03\/Markt-von-Sineu-2-1200x800.jpg\" alt=\"\" class=\"wp-image-16247\" srcset=\"https:\/\/www.ferienhausmiete.de\/blog\/wp-content\/uploads\/2023\/03\/Markt-von-Sineu-2-1200x800.jpg 1200w, https:\/\/www.ferienhausmiete.de\/blog\/wp-content\/uploads\/2023\/03\/Markt-von-Sineu-2-600x400.jpg 600w, https:\/\/www.ferienhausmiete.de\/blog\/wp-content\/uploads\/2023\/03\/Markt-von-Sineu-2-768x512.jpg 768w, https:\/\/www.ferienhausmiete.de\/blog\/wp-content\/uploads\/2023\/03\/Markt-von-Sineu-2.jpg 828w\" sizes=\"(max-width: 1200px) 100vw, 1200px\" \/><figcaption class=\"wp-element-caption\">Markt von Sineu: ein Erlebnis f\u00fcr alle Sinne<\/figcaption><\/figure>\n\n\n\n<p>Es ist auch ein gro\u00dfartiger Ort, um handgemachte Souvenirs zu kaufen und das authentische Mallorca zu erleben. Die Atmosph\u00e4re auf dem Markt ist einzigartig und es ist ein gro\u00dfartiger Ort, um die lokale Kultur kennenzulernen.<\/p>\n\n\n\n<div class=\"wp-block-group has-background is-layout-constrained wp-block-group-is-layout-constrained\" style=\"background-color:#f0f4f4\">\n<div class=\"wp-block-columns is-layout-flex wp-container-core-columns-is-layout-28f84493 wp-block-columns-is-layout-flex\">\n<div class=\"wp-block-column is-layout-flow wp-block-column-is-layout-flow\" style=\"flex-basis:33.33%\">\n<figure class=\"wp-block-image size-full\"><img loading=\"lazy\" decoding=\"async\" width=\"400\" height=\"400\" src=\"https:\/\/www.ferienhausmiete.de\/blog\/wp-content\/uploads\/2023\/03\/Vorlage-Kreisrunde-Bilder-37.png\" alt=\"\" class=\"wp-image-16219\" srcset=\"https:\/\/www.ferienhausmiete.de\/blog\/wp-content\/uploads\/2023\/03\/Vorlage-Kreisrunde-Bilder-37.png 400w, https:\/\/www.ferienhausmiete.de\/blog\/wp-content\/uploads\/2023\/03\/Vorlage-Kreisrunde-Bilder-37-340x340.png 340w, https:\/\/www.ferienhausmiete.de\/blog\/wp-content\/uploads\/2023\/03\/Vorlage-Kreisrunde-Bilder-37-100x100.png 100w\" sizes=\"(max-width: 400px) 100vw, 400px\" \/><\/figure>\n<\/div>\n\n\n\n<div class=\"wp-block-column has-background is-layout-flow wp-block-column-is-layout-flow\" style=\"background-color:#f0f4f4;flex-basis:66.66%\">\n<h3 class=\"wp-block-heading\"><strong>Das musst du unbedingt probieren<\/strong>!<\/h3>\n\n\n\n<ul class=\"wp-block-list\">\n<li><strong>Ensa\u00efmades<\/strong>: ein traditionelles Geb\u00e4ck aus Hefeteig, das mit Schweineschmalz und Puderzucker hergestellt wird. Sie sind weich und flaumig und schmecken hervorragend mit einer Tasse Kaffee.<\/li>\n\n\n\n<li><strong>Sobrasadas<\/strong>. Diese Wurstspezialit\u00e4t ist aus Schweinefleisch hergestellt und wird mit Paprika gew\u00fcrzt. Sie hat eine weiche Konsistenz und einen einzigartigen Geschmack und wird oft auf ger\u00f6stetem Brot serviert.<\/li>\n\n\n\n<li><strong>K\u00e4se aus der Region<\/strong>, wie zum Beispiel der &#8222;Queso Mah\u00f3n&#8220;, der aus Milch von Menorca hergestellt wird<\/li>\n<\/ul>\n<\/div>\n<\/div>\n<\/div>\n\n\n\n<div style=\"height:20px\" aria-hidden=\"true\" class=\"wp-block-spacer\"><\/div>\n\n\n\n<h2 class=\"wp-block-heading\">FAQs zu deiner Mallorca-Reise<\/h2>\n\n\n\n<div class=\"schema-faq wp-block-yoast-faq-block\"><div class=\"schema-faq-section\" id=\"faq-question-1678883942107\"><strong class=\"schema-faq-question\">Wo ist es am Sch\u00f6nsten auf Mallorca?<\/strong> <p class=\"schema-faq-answer\">Es gibt viele wundersch\u00f6ne Orte auf Mallorca. Einige der beliebtesten sind die K\u00fcstenstadt Valldemossa, die historische Stadt Palma de Mallorca, die Berge der Serra de Tramuntana und der Naturpark Mondrag\u00f3.<\/p> <\/div> <div class=\"schema-faq-section\" id=\"faq-question-1678883957554\"><strong class=\"schema-faq-question\">Welche Str\u00e4nde geh\u00f6ren zu den beliebtesten auf Mallorca?<\/strong> <p class=\"schema-faq-answer\">Zu den sch\u00f6nsten Str\u00e4nden auf Mallorca geh\u00f6ren Cala Mesquida, Es Trenc, Cala Llombards, Cala Agulla und Cala Mondrag\u00f3.<\/p> <\/div> <div class=\"schema-faq-section\" id=\"faq-question-1678883982024\"><strong class=\"schema-faq-question\">Gibt es spezielle saisonale Events oder Festivals, die man nicht verpassen sollte?<\/strong> <p class=\"schema-faq-answer\">Ja, es gibt viele saisonale Events und Festivals auf Mallorca, die man nicht verpassen sollte, wie zum Beispiel das Sant Antoni Festival im Januar, das Karnevalsfest im Februar, das Sa Rua und Sa Rueta Fest im M\u00e4rz und das Sant Joan Festival im Juni.<\/p> <\/div> <div class=\"schema-faq-section\" id=\"faq-question-1678884003120\"><strong class=\"schema-faq-question\">Gibt es spezielle Empfehlungen f\u00fcr Familien mit Kindern oder Reisende mit eingeschr\u00e4nkter Mobilit\u00e4t?<\/strong> <p class=\"schema-faq-answer\">F\u00fcr Familien mit Kindern gibt es viele kinderfreundliche Str\u00e4nde, Themenparks und Aktivit\u00e4ten wie den Aqualand El Arenal Wasserpark oder das <a href=\"https:\/\/palmaaquarium.com\/de\/\" target=\"_blank\" rel=\"noreferrer noopener\">Palma Aquarium<\/a>. F\u00fcr Reisende mit eingeschr\u00e4nkter Mobilit\u00e4t empfiehlt es sich, vorab zu pr\u00fcfen, ob Unterk\u00fcnfte, Sehensw\u00fcrdigkeiten und Aktivit\u00e4ten barrierefrei zug\u00e4nglich sind.<\/p> <\/div> <\/div>\n","protected":false},"excerpt":{"rendered":"<p>Mallorca ist eine wundersch\u00f6ne Insel und ein beliebtes Reiseziel f\u00fcr Touristen aus der ganzen Welt. Die Insel hat so viel zu bieten, von atemberaubenden Str\u00e4nden bis hin zu historischen Sehensw\u00fcrdigkeiten und einer einzigartigen Kultur. F\u00fcr Individualurlauber ist Mallorca besonders attraktiv, da man hier auf eigene Faust die Insel erkunden und seine Reise ganz nach den [&hellip;]<\/p>\n","protected":false},"author":4,"featured_media":16250,"comment_status":"open","ping_status":"closed","sticky":false,"template":"","format":"standard","meta":{"footnotes":""},"categories":[13],"tags":[],"class_list":["post-16190","post","type-post","status-publish","format-standard","has-post-thumbnail","hentry","category-spanien"],"_links":{"self":[{"href":"https:\/\/www.ferienhausmiete.de\/blog\/wp-json\/wp\/v2\/posts\/16190","targetHints":{"allow":["GET"]}}],"collection":[{"href":"https:\/\/www.ferienhausmiete.de\/blog\/wp-json\/wp\/v2\/posts"}],"about":[{"href":"https:\/\/www.ferienhausmiete.de\/blog\/wp-json\/wp\/v2\/types\/post"}],"author":[{"embeddable":true,"href":"https:\/\/www.ferienhausmiete.de\/blog\/wp-json\/wp\/v2\/users\/4"}],"replies":[{"embeddable":true,"href":"https:\/\/www.ferienhausmiete.de\/blog\/wp-json\/wp\/v2\/comments?post=16190"}],"version-history":[{"count":68,"href":"https:\/\/www.ferienhausmiete.de\/blog\/wp-json\/wp\/v2\/posts\/16190\/revisions"}],"predecessor-version":[{"id":16337,"href":"https:\/\/www.ferienhausmiete.de\/blog\/wp-json\/wp\/v2\/posts\/16190\/revisions\/16337"}],"wp:featuredmedia":[{"embeddable":true,"href":"https:\/\/www.ferienhausmiete.de\/blog\/wp-json\/wp\/v2\/media\/16250"}],"wp:attachment":[{"href":"https:\/\/www.ferienhausmiete.de\/blog\/wp-json\/wp\/v2\/media?parent=16190"}],"wp:term":[{"taxonomy":"category","embeddable":true,"href":"https:\/\/www.ferienhausmiete.de\/blog\/wp-json\/wp\/v2\/categories?post=16190"},{"taxonomy":"post_tag","embeddable":true,"href":"https:\/\/www.ferienhausmiete.de\/blog\/wp-json\/wp\/v2\/tags?post=16190"}],"curies":[{"name":"wp","href":"https:\/\/api.w.org\/{rel}","templated":true}]}}