{"id":2042,"date":"2018-07-06T09:10:14","date_gmt":"2018-07-06T07:10:14","guid":{"rendered":"https:\/\/www.ferienhausmiete.de\/blog\/?p=2042"},"modified":"2021-11-26T12:17:30","modified_gmt":"2021-11-26T11:17:30","slug":"apulien-entlang-der-kueste","status":"publish","type":"post","link":"https:\/\/www.ferienhausmiete.de\/blog\/apulien-entlang-der-kueste\/","title":{"rendered":"Apulien entlang der K\u00fcste &#8211; Ein Reisebericht"},"content":{"rendered":"<h2><strong>Geschichte und Geschichten auf der Route <em>Vieste \u2013 Trani \u2013 Barletta \u2013 Castel del Monte \u2013 Bari \u2013 Brindisi \u2013 Santa Maria di Leuca<\/em><\/strong><\/h2>\n<p><strong>Apulien<\/strong>, im Italienischen <em>Puglia<\/em>, taucht oft im Plural <em>Puglie<\/em> auf, als ob es derer viele g\u00e4be. Und tats\u00e4chlich l\u00e4sst sich die Region im tiefen S\u00fcden Italiens kaum in einem einzigen Satz zusammenfassen. Reisende sollten sich schon etwas mehr Zeit nehmen als<em> Phileas Fogg<\/em>, der Protagonist aus <em>Jules Vernes<\/em> Roman &#8222;<em>In 80 Tagen um die Welt&#8220;<\/em>. Dieser hielt sich ganze 60 Minuten in <a href=\"https:\/\/www.ferienhausmiete.de\/ferienwohnung-ferienhaus-urlaub\/brindisi\/r4212\">Brindisi<\/a> auf, wo er das Dampfschiff nach Suez bestieg. (Phileas Fogg war der Prototyp des global Reisenden oder besser: Verkehrsteilnehmers, dem es darauf ankam, m\u00f6glichst <em>keine<\/em> Erfahrungen zu machen.)<\/p>\n<figure id=\"attachment_2089\" aria-describedby=\"caption-attachment-2089\" style=\"width: 1200px\" class=\"wp-caption aligncenter\"><img fetchpriority=\"high\" decoding=\"async\" class=\"wp-image-2089 size-large\" src=\"https:\/\/www.ferienhausmiete.de\/blog\/resources\/uploads\/iStock-172431998-1200x800.jpg\" alt=\"\" width=\"1200\" height=\"800\"><figcaption id=\"caption-attachment-2089\" class=\"wp-caption-text\">Apulien &#8211; Ein Land zwischen den Meeren mit wundersch\u00f6nen K\u00fcsten auf dem Absatz des Stiefels.<\/figcaption><\/figure>\n<p><strong>Vieste.<\/strong> Die langgezogene Topographie am unteren, hinteren Teil des italienischen Stiefels, l\u00e4sst den langsam Reisenden und Entdeckenden, der mehr sehen m\u00f6chte als Bahnh\u00f6fe, Flugh\u00e4fen und Schiffsterminals, fast unwillk\u00fcrlich eine Route entlang der Adriatischen K\u00fcste w\u00e4hlen. In dem eher unscheinbaren Ort <em>Vieste<\/em> beginnen wir unsere Reise von Nord nach S\u00fcd. Alles zwischen Oktober und Juni ist in Vieste Nebensaison, oder treffender: au\u00dferhalb der Saison.<\/p>\n<p>Auf einem Kalksporn ragt der Ort einige Hundert Meter ins Meer. Darauf auf einem Felsen steht die <em>Chiesa San Francesco<\/em> aus dem Jahre 1438 mit einem Bein fast im Wasser. Seltsame Holzkonstruktionen s\u00e4umen die K\u00fcste. Das sind traditionelle Fischfangger\u00e4te, die sogenannten <em>Trabucchi<\/em>. An langen Pf\u00e4hlen, die zum Ufer hin abgestagt sind, lassen die Fischer bis zu 200 Quadratmeter gro\u00dfe Netze ins Meer hinab. Sobald die Fischschw\u00e4rme sich in die Netze verirren, werden diese mit einer Winde aufgeholt. Unser Reisef\u00fchrer verweist auf den Leuchtturm von Vieste, bei dem es sich um den drittwichtigsten im Land handeln soll. Welches sind die zwei wichtigsten Leuchtt\u00fcrme Italiens? Und warum <em>wichtig<\/em> und nicht <em>sch\u00f6n<\/em>, <em>hoch<\/em> oder <em>hell<\/em>?<\/p>\n<div id='gallery-1' class='gallery galleryid-2042 gallery-columns-3 gallery-size-thumbnail'><figure class='gallery-item'>\n\t\t\t<div class='gallery-icon landscape'>\n\t\t\t\t<a href='https:\/\/www.ferienhausmiete.de\/blog\/vieste\/'><img decoding=\"async\" width=\"340\" height=\"227\" src=\"https:\/\/www.ferienhausmiete.de\/blog\/wp-content\/uploads\/2018\/07\/Vieste.jpg\" class=\"attachment-thumbnail size-thumbnail\" alt=\"\" aria-describedby=\"gallery-1-2063\" \/><\/a>\n\t\t\t<\/div>\n\t\t\t\t<figcaption class='wp-caption-text gallery-caption' id='gallery-1-2063'>\n\t\t\t\tDer Blick auf den Hauptplatz mit Palmenpromenade.\n\t\t\t\t<\/figcaption><\/figure><figure class='gallery-item'>\n\t\t\t<div class='gallery-icon landscape'>\n\t\t\t\t<a href='https:\/\/www.ferienhausmiete.de\/blog\/vieste-3\/'><img decoding=\"async\" width=\"340\" height=\"227\" src=\"https:\/\/www.ferienhausmiete.de\/blog\/wp-content\/uploads\/2018\/07\/Vieste-3.jpg\" class=\"attachment-thumbnail size-thumbnail\" alt=\"\" aria-describedby=\"gallery-1-2062\" \/><\/a>\n\t\t\t<\/div>\n\t\t\t\t<figcaption class='wp-caption-text gallery-caption' id='gallery-1-2062'>\n\t\t\t\tPittoresk thront die Altstadt auf einem Kalksporn.\n\t\t\t\t<\/figcaption><\/figure><figure class='gallery-item'>\n\t\t\t<div class='gallery-icon landscape'>\n\t\t\t\t<a href='https:\/\/www.ferienhausmiete.de\/blog\/vieste-2\/'><img loading=\"lazy\" decoding=\"async\" width=\"340\" height=\"227\" src=\"https:\/\/www.ferienhausmiete.de\/blog\/wp-content\/uploads\/2018\/07\/Vieste-2.jpg\" class=\"attachment-thumbnail size-thumbnail\" alt=\"\" aria-describedby=\"gallery-1-2061\" \/><\/a>\n\t\t\t<\/div>\n\t\t\t\t<figcaption class='wp-caption-text gallery-caption' id='gallery-1-2061'>\n\t\t\t\tTrabucchi &#8211; Die tradionellen Pfahlbauten s\u00e4umen die K\u00fcste.\n\t\t\t\t<\/figcaption><\/figure>\n\t\t<\/div>\n\n<p style=\"padding-left: 120px; text-align: right;\"><a href=\"https:\/\/www.ferienhausmiete.de\/ferienwohnung-ferienhaus-urlaub\/vieste\/r22201\">Ferienunterkunft in Vieste finden<\/a><\/p>\n<p><strong>Trani.<\/strong> Vielleicht ist Ihnen <em>Trani<\/em> schon in anderen St\u00e4dten Europas begegnet. Der hellrote Naturstein <em>pietra tranense<\/em> wird noch heute in der Gegend abgebaut und weltweit vertrieben. Er gibt der Stadt ihren eigenen Charakter. Kathedrale und Kastell beispielsweise sind aus dem hiesigen Stein erbaut. Im Kastell begegnet uns auch zum ersten und nicht letzten Mal in Apulien <em>Kaiser Friedrich II. von Hohenstaufen<\/em>. Er lie\u00df das sogenannte <em>Schwabenkastell<\/em> im 13. Jahrhundert errichten.<\/p>\n<blockquote><p><strong>Ein Sprung in der Geschichte:<\/strong> Auf einer Stele in Trani, sind die Namen von 54 M\u00e4nnern eingraviert sowie der des Oberleutnants der Wehrmacht <em>Friedrich Kurtz<\/em>. Die jungen M\u00e4nner waren bereits auf dem Dorfplatz versammelt, um aus Rache f\u00fcr einen \u00dcberfall erschossen zu werden. Der Leutnant lie\u00df sich jedoch durch Verhandlungen mit dem Bischof und dem B\u00fcrgermeister von Trani umstimmen und widersetzte sich so der Wehrmachtsf\u00fchrung. Das Ereignis ging als <em>Wunder von Trani<\/em> in die Geschichtsb\u00fccher ein.<\/p><\/blockquote>\n<p>Um noch einmal auf Phileas Fogg zur\u00fcckzukommen: Trani ist Mitglied der Gruppe <em>Citt\u00e0slow<\/em>. Ihr geht es um die Erh\u00f6hung der Lebensqualit\u00e4t in St\u00e4dten durch Entschleunigung.<\/p>\n<figure id=\"attachment_2064\" aria-describedby=\"caption-attachment-2064\" style=\"width: 1200px\" class=\"wp-caption aligncenter\"><img loading=\"lazy\" decoding=\"async\" class=\"wp-image-2064 size-large\" src=\"https:\/\/www.ferienhausmiete.de\/blog\/resources\/uploads\/Trani-1200x800.jpg\" alt=\"\" width=\"1200\" height=\"800\"><figcaption id=\"caption-attachment-2064\" class=\"wp-caption-text\">Romantisch &#8211; Die Abendstimmung im Stadthafen von Trani mit Blick auf die Kathedrale.<\/figcaption><\/figure>\n<p style=\"text-align: right;\"><a href=\"https:\/\/www.ferienhausmiete.de\/ferienwohnung-ferienhaus-urlaub\/bari\/r4211\">Ferienunterkunft entlang der Reiseroute finden<\/a><\/p>\n<p><strong>Barletta.<\/strong> Wie gesagt, Friedrich II. wird uns auf unserer Reise nach S\u00fcden noch h\u00e4ufiger begegnen: In Barletta lie\u00df der Kaiser das Kastell aus der Zeit der Normannen erweitern. Das <em>Stauferkastell<\/em> ist eine m\u00e4chtige Festung im Herzen der Stadt. Nicht weit entfernt steht die prachtvolle Kathedrale <em>Santa Maria Maggiore<\/em>. Sie ruht auf den Fundamenten eines Neptuntempels. Das sei nur am Rande erw\u00e4hnt, da wir der K\u00fcste folgen und uns Schutz des Meeresgottes willkommen ist. Als Erg\u00e4nzung zum <em>Wunder von Trani<\/em> sollte an dieser Stelle aber berichtet werden, dass Barletta w\u00e4hrend der Zeit des Zweiten Weltkriegs der Schauplatz der ersten Aktionen der <em>Resistenza<\/em> war.<\/p>\n<p><strong>Castel del Monte.<\/strong> Wer kennt nicht die grandiose Verfilmung von Umberto Ecos Roman <em>Der Name der Rose<\/em> mit <em>Jean Connery<\/em> und <em>Christian Slater.<\/em> Die eigentliche Hauptrolle spielte darin die geheimnisvolle Bibliothek des Klosters. Das <em>\u00c4dificium<\/em> im Film ist dem <em>Castel del Monte <\/em>nachempfunden. Wir n\u00e4hern uns dem sagenumwobenen Schloss Kaiser Friedrichs II. (ja, hier ist er wieder) und tats\u00e4chlich \u00fcberkommt uns ein Gef\u00fchl von dunklem Mittelalter. An diesem Tag ist es diesig, es ziehen Regenwolken auf und das Kastell hebt sich drohend von dem grauen Himmel ab, w\u00e4hrend wir aus der Froschperspektive den H\u00fcgel erklimmen.<\/p>\n<div id='gallery-2' class='gallery galleryid-2042 gallery-columns-2 gallery-size-thumbnail'><figure class='gallery-item'>\n\t\t\t<div class='gallery-icon landscape'>\n\t\t\t\t<a href='https:\/\/www.ferienhausmiete.de\/blog\/castel-del-monte-2\/'><img loading=\"lazy\" decoding=\"async\" width=\"340\" height=\"227\" src=\"https:\/\/www.ferienhausmiete.de\/blog\/wp-content\/uploads\/2018\/07\/Castel-del-Monte-2.jpg\" class=\"attachment-thumbnail size-thumbnail\" alt=\"\" aria-describedby=\"gallery-2-2065\" \/><\/a>\n\t\t\t<\/div>\n\t\t\t\t<figcaption class='wp-caption-text gallery-caption' id='gallery-2-2065'>\n\t\t\t\tDas Kastell ist bereits aus der Ferne gut zu erkennen.\n\t\t\t\t<\/figcaption><\/figure><figure class='gallery-item'>\n\t\t\t<div class='gallery-icon landscape'>\n\t\t\t\t<a href='https:\/\/www.ferienhausmiete.de\/blog\/castel-del-monte\/'><img loading=\"lazy\" decoding=\"async\" width=\"340\" height=\"228\" src=\"https:\/\/www.ferienhausmiete.de\/blog\/wp-content\/uploads\/2018\/07\/Castel-del-Monte.jpg\" class=\"attachment-thumbnail size-thumbnail\" alt=\"\" aria-describedby=\"gallery-2-2066\" \/><\/a>\n\t\t\t<\/div>\n\t\t\t\t<figcaption class='wp-caption-text gallery-caption' id='gallery-2-2066'>\n\t\t\t\tDer achteckige Bau geh\u00f6rt zum UNESCO Weltkulturerbe.\n\t\t\t\t<\/figcaption><\/figure>\n\t\t<\/div>\n\n<p>Durch meterdicke Mauern betreten wir den Bau, dessen Zweck sich bis heute nicht ganz erschlie\u00dft. War es ein Jagdschloss, ein Fortifikations- oder ein Repr\u00e4sentationsbau? Unter Lokalpatrioten ist die Deutung als<em> Krone Apuliens<\/em> die beliebteste. Wie dem auch sei, Hintergrundwissen bedarf es wenig, um den Bau auf sich wirken zu lassen. Doch das Geheimnis wird gr\u00f6\u00dfer, je mehr Information \u00fcber das geheimnisvolle Schloss gesammelt wird. Jedes Mosaiksteinchen f\u00fchrt zu mehr Fragen.<\/p>\n<p style=\"text-align: right;\"><a href=\"https:\/\/www.ferienhausmiete.de\/ferienwohnung-ferienhaus-urlaub\/bari\/r4211\">Ferienunterkunft entlang der Reiseroute finden<\/a><\/p>\n<p><strong>Bari.<\/strong> Unsere Reise entlang der K\u00fcste <a href=\"https:\/\/www.ferienhausmiete.de\/ferienwohnung-ferienhaus-urlaub\/apulien\/r426\">Apuliens<\/a> steht bereits im Schutz Neptuns. Da ist es nur ein logischer Schritt, auch dem Heiligen der Seefahrer, dem <em>Heiligen Nikolaus<\/em>, einen Besuch abzustatten. Im Jahre 1087 raubten die S\u00fcditaliener die Gebeine des Heiligen aus seiner ehemaligen Wirkungsst\u00e4tte in <em>Myra<\/em> an der kleinasiatischen K\u00fcste, mit der Begr\u00fcndung, die Reliquie vor den Mauren in Sicherheit zu bringen. Der Legende nach versteckten sie die Gebeine in Tr\u00f6gen mit Schweineschmalz, die die Mauren nicht anr\u00fchrten.<\/p>\n<p>Eine stattliche Basilika musste her. Einige Quellen berichten, dass diese bereits zehn Jahre nach dem Raub vollendet wurde, andere gehen davon aus, dass erst 100 Jahre sp\u00e4ter die Schlussweihe stattfand. Die Krypta bietet die M\u00f6glichkeit, sowohl einen katholischen, wie auch einen orthodoxen Gottesdienst abzuhalten.<\/p>\n<blockquote><p><strong>Tipp:<\/strong> Vom 7. bis zum 9. Mai eines jeden Jahres findet das Fest des Heiligen statt (nicht am 6. Dezember). Seine Figur wird in einer \u00fcppigen Prozession zum Hafen getragen und in einem Boot hinaus in die Bucht gefahren.<\/p><\/blockquote>\n<p>Bei Bari trifft \u00fcbrigens die alte R\u00f6merstra\u00dfe <em>Via Appia<\/em> auf die K\u00fcste. Wir folgen ihr weiter bis zu ihrem Ende in Brindisi.<\/p>\n<figure id=\"attachment_2067\" aria-describedby=\"caption-attachment-2067\" style=\"width: 1200px\" class=\"wp-caption aligncenter\"><img loading=\"lazy\" decoding=\"async\" class=\"wp-image-2067 size-large\" src=\"https:\/\/www.ferienhausmiete.de\/blog\/resources\/uploads\/Bari-2-1200x800.jpg\" alt=\"\" width=\"1200\" height=\"800\"><figcaption id=\"caption-attachment-2067\" class=\"wp-caption-text\">Die Basilika, heute ein Musterbeispiel der apulischen Romanik, wurde im 11. Jahrhundert erbaut.<\/figcaption><\/figure>\n<p style=\"text-align: right;\"><a href=\"https:\/\/www.ferienhausmiete.de\/ferienwohnung-ferienhaus-urlaub\/bari\/r4211\">Ferienunterkunft in Bari finden<\/a><\/p>\n<p><strong>Brindisi. <\/strong>Am Hafen von <a href=\"https:\/\/www.ferienhausmiete.de\/ferienwohnung-ferienhaus-urlaub\/brindisi\/r4212\">Brindisi<\/a> markieren zwei S\u00e4ulen den Abschluss der wichtigsten r\u00f6mischen <em>via publica<\/em>. Phileas Fogg hatte wohl kaum Augen f\u00fcr diesen kulturgeschichtlich spannenden Ort, als er vom Bahnhof zum Hafen eilte, um das Dampfschiff nach Suez nicht zu verpassen. Markiert doch das Stra\u00dfen- und Handelsnetz der R\u00f6mer einen wichtigen Moment in der Entwicklung des globalen Verkehrs \u2013 die Idee der (planbaren) Erreichbarkeit eines jeden beliebigen und noch so abgelegenen Teil des Reiches. Wir erfreuen uns umso mehr an der Idee der Entschleunigung: <em>Citt\u00e0slow<\/em>, <em>slow travelling<\/em>, <em>Slowfood<\/em>. Letztere Bewegung hat ihren Ursprung \u00fcbrigens auch, wie mag es anders sein, in Italien. In einer einfachen Taverne sto\u00dfen wir am Abend mit dem gehaltvollen Rotwein Apuliens an, mit dem <em>Negroamaro<\/em>, dem <em>Schwarzbitteren.<\/em><\/p>\n<div id='gallery-3' class='gallery galleryid-2042 gallery-columns-2 gallery-size-thumbnail'><figure class='gallery-item'>\n\t\t\t<div class='gallery-icon landscape'>\n\t\t\t\t<a href='https:\/\/www.ferienhausmiete.de\/blog\/brindisi-2\/'><img loading=\"lazy\" decoding=\"async\" width=\"340\" height=\"227\" src=\"https:\/\/www.ferienhausmiete.de\/blog\/wp-content\/uploads\/2018\/07\/Brindisi-2.jpg\" class=\"attachment-thumbnail size-thumbnail\" alt=\"\" aria-describedby=\"gallery-3-2069\" \/><\/a>\n\t\t\t<\/div>\n\t\t\t\t<figcaption class='wp-caption-text gallery-caption' id='gallery-3-2069'>\n\t\t\t\tSchon in der Antike galt Brindisi als \u00abTor zum Orient\u00bb.\n\t\t\t\t<\/figcaption><\/figure><figure class='gallery-item'>\n\t\t\t<div class='gallery-icon landscape'>\n\t\t\t\t<a href='https:\/\/www.ferienhausmiete.de\/blog\/brindisi\/'><img loading=\"lazy\" decoding=\"async\" width=\"340\" height=\"228\" src=\"https:\/\/www.ferienhausmiete.de\/blog\/wp-content\/uploads\/2018\/07\/Brindisi.jpg\" class=\"attachment-thumbnail size-thumbnail\" alt=\"\" aria-describedby=\"gallery-3-2070\" \/><\/a>\n\t\t\t<\/div>\n\t\t\t\t<figcaption class='wp-caption-text gallery-caption' id='gallery-3-2070'>\n\t\t\t\tEntspannt l\u00e4sst sich der Tag in einer der typischen Tavernen ausklingen.\n\t\t\t\t<\/figcaption><\/figure>\n\t\t<\/div>\n\n<p style=\"text-align: right;\"><a href=\"https:\/\/www.ferienhausmiete.de\/ferienwohnung-ferienhaus-urlaub\/brindisi\/r4212\">Ferienunterkunft in Brindisi finden<\/a><\/p>\n<p><strong>Santa Maria di Leuca.<\/strong> Der kleine Ort ganz im S\u00fcden der Halbinsel Salento markiert das Ende unserer Reise entlang der apulischen K\u00fcste. Hier steht auf einem freien gro\u00dfen Platz ebenfalls einer der imposantesten Leuchtt\u00fcrme des Landes. Wie wichtig er ist, wissen wir nicht, er ist aber mit 47 Metern der zweith\u00f6chste in Italien. Den Bezug auf die Heilige Jungfrau erhielt Leuca, nachdem die Mutter Gottes ein Schiff vor der K\u00fcste aus der Seenot gerettet haben soll. Die Zeiten Neptuns waren wohl schon vorbei und der Heilige Nikolaus ruhte noch in Myra. Auch Petrus soll auf seiner Fahrt nach Rom hier gepredigt und so den Minerva-Tempel zum Einsturz gebracht haben. Wir vermuten, dass Petrus (ein Herumtreiber im Auftrag des Herrn) hier Schiffbruch erlitt, wie an so vielen Stellen im Mittelmeer, und es sich um sein Boot handelte, das die Heilige Jungfrau aus den Fluten errettet hat.<\/p>\n<figure id=\"attachment_2071\" aria-describedby=\"caption-attachment-2071\" style=\"width: 1200px\" class=\"wp-caption aligncenter\"><img loading=\"lazy\" decoding=\"async\" class=\"wp-image-2071 size-large\" src=\"https:\/\/www.ferienhausmiete.de\/blog\/resources\/uploads\/Santa-Maria-di-Leuca-1200x800.jpg\" alt=\"\" width=\"1200\" height=\"800\"><figcaption id=\"caption-attachment-2071\" class=\"wp-caption-text\">Der Leuchtturm von Santa Maria di Leuca liegt dort, wo Adria und Ionisches Meer aufeinandertreffen.<\/figcaption><\/figure>\n<p style=\"text-align: right;\"><a href=\"https:\/\/www.ferienhausmiete.de\/ferienwohnung-ferienhaus-urlaub\/santa-maria-di-leuca\/r19478\">Ferienunterkunft in Santa Maria di Leuca finden<\/a><\/p>\n<hr>\n<p><strong>Haben Sie noch einen besonderen Apulien-Tipp? Dann teilen Sie diesen doch gerne mit anderen Reiselustigen, die sich auf die Spur von&nbsp;Phileas Fogg und&nbsp;Friedrich II. begeben wollen.<\/strong><\/p>\n","protected":false},"excerpt":{"rendered":"<p>Geschichte und Geschichten auf der Route Vieste \u2013 Trani \u2013 Barletta \u2013 Castel del Monte \u2013 Bari \u2013 Brindisi \u2013 Santa Maria di Leuca Apulien, im Italienischen Puglia, taucht oft im Plural Puglie auf, als ob es derer viele g\u00e4be. Und tats\u00e4chlich l\u00e4sst sich die Region im tiefen S\u00fcden Italiens kaum in einem einzigen Satz [&hellip;]<\/p>\n","protected":false},"author":14,"featured_media":2074,"comment_status":"open","ping_status":"closed","sticky":false,"template":"","format":"standard","meta":{"footnotes":""},"categories":[33,35,14],"tags":[],"class_list":["post-2042","post","type-post","status-publish","format-standard","has-post-thumbnail","hentry","category-italien","category-kultur-besichtigungen","category-strandurlaub"],"_links":{"self":[{"href":"https:\/\/www.ferienhausmiete.de\/blog\/wp-json\/wp\/v2\/posts\/2042","targetHints":{"allow":["GET"]}}],"collection":[{"href":"https:\/\/www.ferienhausmiete.de\/blog\/wp-json\/wp\/v2\/posts"}],"about":[{"href":"https:\/\/www.ferienhausmiete.de\/blog\/wp-json\/wp\/v2\/types\/post"}],"author":[{"embeddable":true,"href":"https:\/\/www.ferienhausmiete.de\/blog\/wp-json\/wp\/v2\/users\/14"}],"replies":[{"embeddable":true,"href":"https:\/\/www.ferienhausmiete.de\/blog\/wp-json\/wp\/v2\/comments?post=2042"}],"version-history":[{"count":3,"href":"https:\/\/www.ferienhausmiete.de\/blog\/wp-json\/wp\/v2\/posts\/2042\/revisions"}],"predecessor-version":[{"id":21104,"href":"https:\/\/www.ferienhausmiete.de\/blog\/wp-json\/wp\/v2\/posts\/2042\/revisions\/21104"}],"wp:featuredmedia":[{"embeddable":true,"href":"https:\/\/www.ferienhausmiete.de\/blog\/wp-json\/wp\/v2\/media\/2074"}],"wp:attachment":[{"href":"https:\/\/www.ferienhausmiete.de\/blog\/wp-json\/wp\/v2\/media?parent=2042"}],"wp:term":[{"taxonomy":"category","embeddable":true,"href":"https:\/\/www.ferienhausmiete.de\/blog\/wp-json\/wp\/v2\/categories?post=2042"},{"taxonomy":"post_tag","embeddable":true,"href":"https:\/\/www.ferienhausmiete.de\/blog\/wp-json\/wp\/v2\/tags?post=2042"}],"curies":[{"name":"wp","href":"https:\/\/api.w.org\/{rel}","templated":true}]}}