{"id":2139,"date":"2018-08-03T12:16:25","date_gmt":"2018-08-03T10:16:25","guid":{"rendered":"https:\/\/www.ferienhausmiete.de\/blog\/?p=2139"},"modified":"2021-12-03T09:19:01","modified_gmt":"2021-12-03T08:19:01","slug":"mallorca-charme-agentur-des-monats-august","status":"publish","type":"post","link":"https:\/\/www.ferienhausmiete.de\/blog\/mallorca-charme-agentur-des-monats-august\/","title":{"rendered":"Mallorca Charme &#8211; Unsere Agentur des Monats"},"content":{"rendered":"<p><strong>Nicht ohne Grund z\u00e4hlt Mallorca zu den beliebtesten Reisezielen der Deutschen. Mit nur ca. 2 Stunden Flugzeit und einem angenehmen Klima \u00fcber das ganze Jahr l\u00e4dt die Baleareninsel ein, hier einen traumhaften Urlaub zu verbringen. Wir haben mit Frau Klauenberg von &#8222;Mallorca Charme&#8220;, unserer Reiseagentur des Monats August, gesprochen und Sie gebeten, uns zu verraten, was f\u00fcr sie den besonderen Reiz der Insel ausmacht und was sie Urlaubern empfiehlt, die die Insel gerne kennenlernen m\u00f6chten.&nbsp;<\/strong><\/p>\n<h3>Liebe Frau Klauenberg, vielleicht stellen Sie uns erst einmal die Ferienhaus-Agentur kurz vor.<\/h3>\n<figure id=\"attachment_2180\" aria-describedby=\"caption-attachment-2180\" style=\"width: 1200px\" class=\"wp-caption aligncenter\"><img fetchpriority=\"high\" decoding=\"async\" class=\"wp-image-2180 size-large\" src=\"https:\/\/www.ferienhausmiete.de\/blog\/resources\/uploads\/DSC_8983-1200x800.jpg\" alt=\"\" width=\"1200\" height=\"800\"><figcaption id=\"caption-attachment-2180\" class=\"wp-caption-text\">Das Team von Mallorca Charme &#8211; ein gut gelaunter Mix aus Mallorquinern und Deutschen.<\/figcaption><\/figure>\n<p>Wir von <a href=\"https:\/\/www.fincasmallorcacharme.com\/de\/\">Mallorca Charme<\/a> haben uns auf die Ferienvermietung von Villen, Fincas und H\u00e4usern spezialisiert. All unsere Objekte wurden von uns pers\u00f6nlich auf Ausstattung, Lage und Zustand gepr\u00fcft, bevor sie in unser Portfolio gelangen.<br \/>\nUnser Team besteht sowohl aus Mallorquinern, als auch deutschen Mitarbeitern. Bei uns gibt es eine gelungene Mischung aus Verantwortungsbewusstsein und Humor (wir sind unternehmungslustige Menschen). Das Ergebnis: ein freundliches Team, das Ihnen 24 Stunden t\u00e4glich mit Rat und Tat zur Seite steht. Ihre Zufriedenheit ist unser Ansporn, wir sind stolz auf &#8222;unsere&#8220; Insel und m\u00f6chten, dass Sie hier einen unvergesslichen Urlaub verbringen.<\/p>\n<h3>Worin liegt der Reiz f\u00fcr Sie Immobilien an Ferieng\u00e4ste zu vermitteln?<\/h3>\n<p>Als Vermietungsagentur sind wir das Bindeglied zwischen Eigent\u00fcmern und Ferieng\u00e4sten. Wir bieten eine grosse Auswahl an unterschiedlichen Objekten und es ist uns immer eine Freude, unseren G\u00e4sten dabei zu helfen, die f\u00fcr sie passende Unterkunft zu finden. Schliesslich gibt es viele individuelle Erwartungen an eine Ferienimmobilie, wie z. B. kinderfreundlich, behindertengerecht, abgeschieden, strandnah oder Urlaub mit dem geliebten Vierbeiner. Damit unsere Kunden in der sch\u00f6nsten Zeit des Jahres nichts missen, stehen wir Ihnen von der ersten Anfrage bis zum letzten Urlaubstag zur Seite. Unser Ziel sind zufriedene und gl\u00fcckliche G\u00e4ste, die gerne wiederkommen!<\/p>\n<div id='gallery-1' class='gallery galleryid-2139 gallery-columns-3 gallery-size-thumbnail'><figure class='gallery-item'>\n\t\t\t<div class='gallery-icon landscape'>\n\t\t\t\t<a href='https:\/\/www.ferienhausmiete.de\/blog\/131423_62043252638251_188_muro_mallorca\/'><img decoding=\"async\" width=\"340\" height=\"227\" src=\"https:\/\/www.ferienhausmiete.de\/blog\/wp-content\/uploads\/2018\/08\/131423_62043252638251_188_Muro_Mallorca.jpg\" class=\"attachment-thumbnail size-thumbnail\" alt=\"\" \/><\/a>\n\t\t\t<\/div><\/figure><figure class='gallery-item'>\n\t\t\t<div class='gallery-icon landscape'>\n\t\t\t\t<a href='https:\/\/www.ferienhausmiete.de\/blog\/131423_69205902638251_228_muro_mallorca\/'><img decoding=\"async\" width=\"340\" height=\"226\" src=\"https:\/\/www.ferienhausmiete.de\/blog\/wp-content\/uploads\/2018\/08\/131423_69205902638251_228_Muro_Mallorca.jpg\" class=\"attachment-thumbnail size-thumbnail\" alt=\"\" \/><\/a>\n\t\t\t<\/div><\/figure><figure class='gallery-item'>\n\t\t\t<div class='gallery-icon landscape'>\n\t\t\t\t<a href='https:\/\/www.ferienhausmiete.de\/blog\/131423_52814944638251_032_petra_mallorca\/'><img loading=\"lazy\" decoding=\"async\" width=\"340\" height=\"227\" src=\"https:\/\/www.ferienhausmiete.de\/blog\/wp-content\/uploads\/2018\/08\/131423_52814944638251_032_Petra_Mallorca.jpg\" class=\"attachment-thumbnail size-thumbnail\" alt=\"\" \/><\/a>\n\t\t\t<\/div><\/figure>\n\t\t<\/div>\n\n<p style=\"text-align: right;\"><a href=\"https:\/\/www.ferienhausmiete.de\/vm\/95ae013edfd9\/\">Feriendomizile von Mallorca Charme hier buchen<\/a><\/p>\n<h3>Sie vermitteln Ferienh\u00e4user und Ferienwohnungen im Nordosten Mallorcas, warum gerade dort?<\/h3>\n<p>Viele unserer Mitarbeiter leben im Norden Mallorcas und kennen sich dort nat\u00fcrlich bestens aus. Auch unser B\u00fcro befindet sich im sch\u00f6nen Dorf Muro im Norden der Insel. Der Norden Mallorcas hat vieles zu bieten: Kilometerlange Sandstr\u00e4nde, urspr\u00fcngliche D\u00f6rfer, die N\u00e4he zum Tramuntanagebirge und das angenehme Klima sind nur einige der Highlights.<br \/>\nTrotzdem haben wir seit einiger Zeit unseren Radius erweitert und freuen uns, nun auch sowohl an der Ostk\u00fcste, in der Inselmitte, als auch im S\u00fcden Mallorcas bezaubernde Objekte anbieten zu k\u00f6nnen.<\/p>\n<figure id=\"attachment_2194\" aria-describedby=\"caption-attachment-2194\" style=\"width: 1200px\" class=\"wp-caption aligncenter\"><img loading=\"lazy\" decoding=\"async\" class=\"wp-image-2194 size-large\" src=\"https:\/\/www.ferienhausmiete.de\/blog\/resources\/uploads\/iStock-951042192-1200x800.jpg\" alt=\"\" width=\"1200\" height=\"800\"><figcaption id=\"caption-attachment-2194\" class=\"wp-caption-text\">Art\u00e0 im Nordosten der Insel &#8211; inzwischen ein Geheimtipp f\u00fcr Reisende.<\/figcaption><\/figure>\n<p style=\"text-align: right;\"><a href=\"https:\/\/www.ferienhausmiete.de\/ferienwohnung-ferienhaus-urlaub\/mallorca\/r5830\">Jetzt Ferienwohnung auf Mallorcas finden<\/a><\/p>\n<h3>Was sch\u00e4tzen die Urlauber an der Region und an Ihnen?<\/h3>\n<p>Unsere G\u00e4ste sch\u00e4tzen besonders unser Engagement und den angebotenen Service, die Art und Weise, wie wir Probleme behandeln, die sie w\u00e4hrend ihres Urlaubs hatten und unsere schnelle Reaktion auf ein unvorhergesehenes Ereignis. Dies kann ein Stromausfall oder ein verlorener Personalausweis sein, ein Krankheitsfall oder Ameisen im Haus&#8230; ein Anruf gen\u00fcgt und wir k\u00fcmmern uns darum.<br \/>\nSie loben unsere Freundlichkeit und Unkompliziertheit beim Check-in. Wir k\u00fcmmern uns um jede Frage, entweder bei der Buchung der Unterkunft oder bei der Ankunft auf der Insel und nat\u00fcrlich w\u00e4hrend des Aufenthaltes.<br \/>\nDie G\u00e4ste erhalten von uns einen &#8222;Tipp&#8220;, eine Empfehlung zu Bars, Restaurants, Superm\u00e4rkten, Bekleidungsgesch\u00e4ften in der Gegend oder was typisch mallorquinisch ist! Wir sind Leute von hier und wir kennen die Insel perfekt, deshalb geben wir ihnen immer gerne Empfehlungen: den Eckladen f\u00fcr das exquisite Brot, die Bar davor, weil es dort sehr leckere Tapas gibt, lokale Fiestas des Tages oder der Woche, Orte, die man gesehen haben muss oder die Orte\/Veranstaltungen, auf die man nicht verzichten kann&#8230; und vieles mehr&#8230;<\/p>\n<div id='gallery-2' class='gallery galleryid-2139 gallery-columns-3 gallery-size-thumbnail'><figure class='gallery-item'>\n\t\t\t<div class='gallery-icon portrait'>\n\t\t\t\t<a href='https:\/\/www.ferienhausmiete.de\/blog\/idyllic-city-street-in-the-historic-city-center-of-palma-de-majorca-spain-2\/'><img loading=\"lazy\" decoding=\"async\" width=\"242\" height=\"340\" src=\"https:\/\/www.ferienhausmiete.de\/blog\/wp-content\/uploads\/2018\/08\/iStock-920516194-1.jpg\" class=\"attachment-thumbnail size-thumbnail\" alt=\"\" aria-describedby=\"gallery-2-2200\" \/><\/a>\n\t\t\t<\/div>\n\t\t\t\t<figcaption class='wp-caption-text gallery-caption' id='gallery-2-2200'>\n\t\t\t\tKleine Gassen laden zum Schlendern ein.\n\t\t\t\t<\/figcaption><\/figure><figure class='gallery-item'>\n\t\t\t<div class='gallery-icon landscape'>\n\t\t\t\t<a href='https:\/\/www.ferienhausmiete.de\/blog\/raw-peeled-almonds-almendra-cruda-pelada-dried-tropical-fruits-fruta-tropical-raw-almonds-with-skin-almendra-cruda-piel-and-fried-salted-broad-beans-habas-fritas-saladas-in-the-stall-of-sine\/'><img loading=\"lazy\" decoding=\"async\" width=\"340\" height=\"227\" src=\"https:\/\/www.ferienhausmiete.de\/blog\/wp-content\/uploads\/2018\/08\/iStock-875617682.jpg\" class=\"attachment-thumbnail size-thumbnail\" alt=\"\" aria-describedby=\"gallery-2-2199\" \/><\/a>\n\t\t\t<\/div>\n\t\t\t\t<figcaption class='wp-caption-text gallery-caption' id='gallery-2-2199'>\n\t\t\t\tAuf Mallorca ist jeden Tag Markttag.\n\t\t\t\t<\/figcaption><\/figure><figure class='gallery-item'>\n\t\t\t<div class='gallery-icon landscape'>\n\t\t\t\t<a href='https:\/\/www.ferienhausmiete.de\/blog\/manchego-cheese-queso-manchego-for-sale-in-the-stall-of-sineu-market-majorca-spain\/'><img loading=\"lazy\" decoding=\"async\" width=\"340\" height=\"227\" src=\"https:\/\/www.ferienhausmiete.de\/blog\/wp-content\/uploads\/2018\/08\/iStock-875617634.jpg\" class=\"attachment-thumbnail size-thumbnail\" alt=\"\" aria-describedby=\"gallery-2-2198\" \/><\/a>\n\t\t\t<\/div>\n\t\t\t\t<figcaption class='wp-caption-text gallery-caption' id='gallery-2-2198'>\n\t\t\t\tLeckerer Manchego K\u00e4se zum Probieren.\n\t\t\t\t<\/figcaption><\/figure>\n\t\t<\/div>\n\n<p style=\"text-align: right;\"><a href=\"https:\/\/www.ferienhausmiete.de\/ferienwohnung-ferienhaus-urlaub\/mallorca\/r5830\">Feriendomizil auf Mallorca finden<\/a><\/p>\n<h3>Welches Objekt geh\u00f6rt zu Ihren Lieblingsobjekten und warum?<\/h3>\n<p>Die <a href=\"https:\/\/www.ferienhausmiete.de\/114215.htm\">Muro Finca<\/a> hat einen besonderen Charme: Sie ist gro\u00df, gepflegt und modern, sowohl im Inneren als auch im Au\u00dfenbereich fehlt es an nichts. Sie ist sehr gut ausgestattet, die Einrichtung ist eine gelungene Mischung aus rustikalem und modernem Stil. Obwohl ruhig gelegen, erreicht man in nur wenigen Autominuten den Strand sowie Caf\u00e9s und Restaurants. Ob Urlaub mit der Familie oder mit Freunden: Hier verbringen unsere G\u00e4ste eine unvergessliche Zeit.<\/p>\n<div id='gallery-3' class='gallery galleryid-2139 gallery-columns-3 gallery-size-thumbnail'><figure class='gallery-item'>\n\t\t\t<div class='gallery-icon landscape'>\n\t\t\t\t<a href='https:\/\/www.ferienhausmiete.de\/blog\/131423_49160924638251_finca_muro\/'><img loading=\"lazy\" decoding=\"async\" width=\"340\" height=\"227\" src=\"https:\/\/www.ferienhausmiete.de\/blog\/wp-content\/uploads\/2018\/07\/131423_49160924638251_Finca_Muro.jpg\" class=\"attachment-thumbnail size-thumbnail\" alt=\"\" \/><\/a>\n\t\t\t<\/div><\/figure><figure class='gallery-item'>\n\t\t\t<div class='gallery-icon landscape'>\n\t\t\t\t<a href='https:\/\/www.ferienhausmiete.de\/blog\/131423_37188924638251_finca_muro\/'><img loading=\"lazy\" decoding=\"async\" width=\"340\" height=\"227\" src=\"https:\/\/www.ferienhausmiete.de\/blog\/wp-content\/uploads\/2018\/07\/131423_37188924638251_Finca_Muro.jpg\" class=\"attachment-thumbnail size-thumbnail\" alt=\"\" \/><\/a>\n\t\t\t<\/div><\/figure><figure class='gallery-item'>\n\t\t\t<div class='gallery-icon landscape'>\n\t\t\t\t<a href='https:\/\/www.ferienhausmiete.de\/blog\/131423_22547824638251_finca_muro\/'><img loading=\"lazy\" decoding=\"async\" width=\"340\" height=\"227\" src=\"https:\/\/www.ferienhausmiete.de\/blog\/wp-content\/uploads\/2018\/07\/131423_22547824638251_Finca_Muro.jpg\" class=\"attachment-thumbnail size-thumbnail\" alt=\"\" \/><\/a>\n\t\t\t<\/div><\/figure>\n\t\t<\/div>\n\n<p style=\"text-align: right;\"><a href=\"https:\/\/www.ferienhausmiete.de\/114215.htm\">Jetzt Muro Finca buchen<\/a><\/p>\n<h3>Haben Sie noch ein paar tolle Geheimtipps f\u00fcr Urlauber, die Ihre Region besuchen m\u00f6chten?<\/h3>\n<p>Immer! Da wir Insulaner sind, kennen wir nat\u00fcrlich (fast) alles. Obwohl es immer schwieriger wird, einsame Str\u00e4nde oder Orte zu finden\u2026<br \/>\nTrotzdem empfehlen wir z. B. eine Fahrt zur Cala de Sa Calobra \u2013 hier ist sowohl die Anreise \u00fcber die Serpentinenstrasse als auch die Bucht mit dem Torrent de Pareis einfach atemberaubend! Oder man bucht einen Ausflug per Boot und betrachtet die Insel vom Wasser aus \u2013 so haben Sie Mallorca noch nie gesehen \u2013 traumhaft sch\u00f6n!<\/p>\n<figure id=\"attachment_2202\" aria-describedby=\"caption-attachment-2202\" style=\"width: 1200px\" class=\"wp-caption alignnone\"><img loading=\"lazy\" decoding=\"async\" class=\"wp-image-2202 size-large\" src=\"https:\/\/www.ferienhausmiete.de\/blog\/resources\/uploads\/iStock-158677912-1200x800.jpg\" alt=\"\" width=\"1200\" height=\"800\"><figcaption id=\"caption-attachment-2202\" class=\"wp-caption-text\">Von Ende Januar bis etwa Mitte M\u00e4rz verwandelt sich die Insel in ein zart duftendes Bl\u00fctenmeer.<\/figcaption><\/figure>\n<blockquote><p><strong>Aber der wirkliche Geheimtipp lautet:<\/strong> Besuchen Sie Mallorca im Januar! Zu keinem anderen Zeitpunkt im Jahr kann man das authentische Mallorca besser kennenlernen als Ende Januar, wenn die Dorffeste zu San Antoni oder in Palma zu San Sebastian stattfinden. Erleben Sie, wie die feuerspr\u00fchenden Dimonis durch die Strassen ziehen und suchen Sie sich einen Platz an einem der unz\u00e4hligen Grill- und Feuerpl\u00e4tze, die dann aufgebaut sind. Schnell kommt man bei einem Glas Rotwein in Kontakt mit den Einheimischen \u2013 eine einzigartige und wunderbare Gelegenheit, die Insel mal ganz anders zu erleben.<br \/>\nIm Januar ist es tags\u00fcber meist schon angenehm warm und die ersten Mandelb\u00e4ume tragen bereits Bl\u00fcten. Lassen Sie in der Mittagssonne bei einem Caf\u00e9 con leche Ihren Blick \u00fcber das Mittelmeer streifen und machen es sich abends vor dem prasselnden Kaminfeuer gem\u00fctlich\u2026<\/p><\/blockquote>\n<p style=\"text-align: right;\"><a href=\"https:\/\/www.ferienhausmiete.de\/ferienwohnung-ferienhaus-urlaub\/mallorca\/r5830\">Feriendomizil auf Mallorca finden<\/a><\/p>\n<hr>\n<p><strong>Welche Orte sind Ihre Lieblingsorte auf der Insel? Wir freuen uns, wenn Sie diese mit uns und unseren anderen Lesern teilen.<\/strong><\/p>\n","protected":false},"excerpt":{"rendered":"<p>Nicht ohne Grund z\u00e4hlt Mallorca zu den beliebtesten Reisezielen der Deutschen. Mit nur ca. 2 Stunden Flugzeit und einem angenehmen Klima \u00fcber das ganze Jahr l\u00e4dt die Baleareninsel ein, hier einen traumhaften Urlaub zu verbringen. Wir haben mit Frau Klauenberg von &#8222;Mallorca Charme&#8220;, unserer Reiseagentur des Monats August, gesprochen und Sie gebeten, uns zu verraten, [&hellip;]<\/p>\n","protected":false},"author":4,"featured_media":2193,"comment_status":"open","ping_status":"closed","sticky":false,"template":"","format":"standard","meta":{"footnotes":""},"categories":[26,13],"tags":[],"class_list":["post-2139","post","type-post","status-publish","format-standard","has-post-thumbnail","hentry","category-agentur_des_monats","category-spanien"],"_links":{"self":[{"href":"https:\/\/www.ferienhausmiete.de\/blog\/wp-json\/wp\/v2\/posts\/2139","targetHints":{"allow":["GET"]}}],"collection":[{"href":"https:\/\/www.ferienhausmiete.de\/blog\/wp-json\/wp\/v2\/posts"}],"about":[{"href":"https:\/\/www.ferienhausmiete.de\/blog\/wp-json\/wp\/v2\/types\/post"}],"author":[{"embeddable":true,"href":"https:\/\/www.ferienhausmiete.de\/blog\/wp-json\/wp\/v2\/users\/4"}],"replies":[{"embeddable":true,"href":"https:\/\/www.ferienhausmiete.de\/blog\/wp-json\/wp\/v2\/comments?post=2139"}],"version-history":[{"count":1,"href":"https:\/\/www.ferienhausmiete.de\/blog\/wp-json\/wp\/v2\/posts\/2139\/revisions"}],"predecessor-version":[{"id":9968,"href":"https:\/\/www.ferienhausmiete.de\/blog\/wp-json\/wp\/v2\/posts\/2139\/revisions\/9968"}],"wp:featuredmedia":[{"embeddable":true,"href":"https:\/\/www.ferienhausmiete.de\/blog\/wp-json\/wp\/v2\/media\/2193"}],"wp:attachment":[{"href":"https:\/\/www.ferienhausmiete.de\/blog\/wp-json\/wp\/v2\/media?parent=2139"}],"wp:term":[{"taxonomy":"category","embeddable":true,"href":"https:\/\/www.ferienhausmiete.de\/blog\/wp-json\/wp\/v2\/categories?post=2139"},{"taxonomy":"post_tag","embeddable":true,"href":"https:\/\/www.ferienhausmiete.de\/blog\/wp-json\/wp\/v2\/tags?post=2139"}],"curies":[{"name":"wp","href":"https:\/\/api.w.org\/{rel}","templated":true}]}}