{"id":401,"date":"2016-07-06T09:27:04","date_gmt":"2016-07-06T07:27:04","guid":{"rendered":"https:\/\/www.ferienhausmiete.de\/blog\/?p=401"},"modified":"2025-06-24T13:48:50","modified_gmt":"2025-06-24T11:48:50","slug":"windmuehle-baumhaus-hausboot-6-ferienhaus-ideen-fuer-individualisten","status":"publish","type":"post","link":"https:\/\/www.ferienhausmiete.de\/blog\/windmuehle-baumhaus-hausboot-6-ferienhaus-ideen-fuer-individualisten\/","title":{"rendered":"Windm\u00fchle, Baumhaus, Hausboot &#8211; Urlaub f\u00fcr Individualisten"},"content":{"rendered":"\n<p>Hand aufs Herz. Wer hat nicht schon\u00a0die Lust versp\u00fcrt, den Urlaub\u00a0in einer au\u00dfergew\u00f6hnlichen Unterkunft\u00a0jenseits aller Normen &amp; Standards zu\u00a0verbringen? Denn je einzigartiger die Ferienwohnung, desto unvergesslicher die verdiente Auszeit vom Alltagsstress.\u00a0Auf\u00a0Ferienhausmiete.de\u00a0findet Ihr zahllose originelle &amp; ungew\u00f6hnliche Privatunterk\u00fcnfte\u00a0von der maritimen\u00a0Windm\u00fchle an der <a href=\"https:\/\/www.ferienhausmiete.de\/ferienwohnung-ferienhaus-urlaub\/nordsee\/r3934\">Nordsee<\/a>\u00a0bis hin zur romantischen\u00a0H\u00f6hlenwohnung\u00a0in den Bergen der <a href=\"https:\/\/www.ferienhausmiete.de\/ferienwohnung-ferienhaus-urlaub\/provence-alpes-cote-d-azur\/r834\">Provence<\/a>. Wir haben ein wenig gest\u00f6bert und stellen Euch Ferienhaus-Ideen f\u00fcr Individualisten vor,\u00a0in denen man fernab des Gew\u00f6hnlichen die Seele baumeln lassen kann.<\/p>\n\n\n\n<hr class=\"wp-block-separator has-css-opacity\"\/>\n\n\n\n<h2 class=\"wp-block-heading\"><strong>Windm\u00fchle<\/strong><\/h2>\n\n\n\n<p><em>&#8222;Den Wind kann man nicht verbieten. Aber man kann M\u00fchlen bauen&#8220;<\/em> besagt ein holl\u00e4ndisches Sprichwort. Auch in <a href=\"https:\/\/www.ferienhausmiete.de\/ferienwohnung-ferienhaus-urlaub\/schleswig-holstein\/r351\">Schleswig-Holstein<\/a>&nbsp;und an der Nordsee geh\u00f6ren Windm\u00fchlen zur typisch friesischen Urlaubskulisse. Die historische Windm\u00fchle auf der Halbinsel <a href=\"https:\/\/www.ferienhausmiete.de\/ferienwohnung-ferienhaus-urlaub\/halbinsel-eiderstedt\/r23641\">Eiderstedt<\/a> ist von Viehweiden umgeben und bietet auf \u00fcppigen 190&nbsp;m\u00b2 Wohnfl\u00e4che alles, was man f\u00fcr einen unvergesslichen Familienurlaub mit <strong>bis zu 8 Personen<\/strong> ben\u00f6tigt. Highlight der liebevoll restaurierten M\u00fchle ist das Wohnzimmer mit 360 Grad Rundumblick \u00fcber die Gemeinden <a href=\"https:\/\/www.ferienhausmiete.de\/ferienwohnung-ferienhaus-urlaub\/oldenswort\/r16782\">Oldenswort<\/a> und <a href=\"https:\/\/www.ferienhausmiete.de\/ferienwohnung-ferienhaus-urlaub\/witzwort\/r22935\">Witzwort<\/a>. Zum Unesco-Weltnaturerbe Wattenmeer sind es nur 5 Minuten. Das zauberhafte Holl\u00e4nderst\u00e4dtchen <a href=\"https:\/\/www.ferienhausmiete.de\/ferienwohnung-ferienhaus-urlaub\/friedrichstadt\/r11030\">Friedrichstadt<\/a> liegt nur 10 Kilometer entfernt. Auch die Traumstr\u00e4nde und Schwefelquellen des Seebads <a href=\"https:\/\/www.ferienhausmiete.de\/ferienwohnung-ferienhaus-urlaub\/st-peter-ording\/r19397\">St. Peter Ording<\/a> erreicht man bequem in&nbsp;20 Minuten.<\/p>\n\n\n\n<figure class=\"wp-block-image aligncenter\"><a href=\"https:\/\/www.ferienhausmiete.de\/blog\/resources\/uploads\/Windm\u00fchle.jpg\"><img fetchpriority=\"high\" decoding=\"async\" width=\"725\" height=\"470\" src=\"https:\/\/www.ferienhausmiete.de\/blog\/resources\/uploads\/Windm\u00fchle.jpg\" alt=\"Windm\u00fchle an der Nordsee\" class=\"wp-image-451\"\/><\/a><figcaption class=\"wp-element-caption\">Von der Windm\u00fchle Catharina sind es nur 5 Minuten bis zur Nordsee. Auch das ber\u00fchmte Seebad St. Peter Ording ist nicht weit.<\/figcaption><\/figure>\n\n\n\n<hr class=\"wp-block-separator has-css-opacity\"\/>\n\n\n\n<div class=\"wp-block-buttons is-layout-flex wp-block-buttons-is-layout-flex\">\n<div class=\"wp-block-button has-custom-width wp-block-button__width-100\"><a class=\"wp-block-button__link has-black-color has-text-color has-background wp-element-button\" href=\"https:\/\/www.ferienhausmiete.de\/113544.htm\" style=\"background-color:#ffd618\" target=\"_blank\" rel=\"noreferrer noopener\"><strong>Windm\u00fchle Catharina buchen<\/strong><\/a><\/div>\n<\/div>\n\n\n\n<hr class=\"wp-block-separator has-css-opacity\"\/>\n\n\n\n<figure class=\"wp-block-image aligncenter\"><a href=\"https:\/\/www.ferienhausmiete.de\/blog\/resources\/uploads\/Windm\u00fchle-St-Peter-ording.jpg\"><img decoding=\"async\" width=\"724\" height=\"482\" src=\"https:\/\/www.ferienhausmiete.de\/blog\/resources\/uploads\/Windm\u00fchle-St-Peter-ording.jpg\" alt=\"Windm\u00fchle in Eiderstedt\" class=\"wp-image-450\"\/><\/a><figcaption class=\"wp-element-caption\">Die Windm\u00fchle verf\u00fcgt \u00fcber 3 Schlafzimmer und ein Wohnzimmer mit Rundumblick auf insgesamt drei Etagen.<\/figcaption><\/figure>\n\n\n\n<hr class=\"wp-block-separator has-css-opacity\"\/>\n\n\n\n<h2 class=\"wp-block-heading\"><strong>Burg<\/strong><\/h2>\n\n\n\n<p><em>&#8222;Der Mensch, der einer guten Sache dient, wohnt in einer festen Burg&#8220;<\/em>&nbsp;stellte&nbsp;Goethe treffend fest. Und Ferien fernab des st\u00e4dtischen Trubels sind in jedem Fall eine gute Sache. Vor allem, wenn man eine historische Katharerburg in den <a href=\"https:\/\/www.ferienhausmiete.de\/ferienwohnung-ferienhaus-urlaub\/midi-pyrenees\/r359\">Pyren\u00e4en<\/a> ganz f\u00fcr sich alleine hat. Das herrschaftliche Anwesen im Departement <a href=\"https:\/\/www.ferienhausmiete.de\/ferienwohnung-ferienhaus-urlaub\/ariege\/r4064\">Ari\u00e8ge<\/a>&nbsp;ist wie geschaffen f\u00fcr eine f\u00fcrstliche Auszeit mit bis zu 12 Personen. Hier residiert man&nbsp;auf insgesamt&nbsp;390 m\u00b2 Wohnfl\u00e4che mit beheiztem Au\u00dfenpool, Terracottab\u00f6den, Marmorb\u00e4dern, einem&nbsp;Kaminzimmer mit Ledersofas und einem majest\u00e4tischen Blick \u00fcber das sechs Hektar gro\u00dfe Anwesen in <a href=\"https:\/\/www.ferienhausmiete.de\/ferienwohnung-ferienhaus-urlaub\/castelnau-durban\/r9015\">Castelnau-Durban<\/a>. Ober- und Untergeschoss der Burg k\u00f6nnen auch separat f\u00fcr bis zu 6 Personen gemietet werden. F\u00fcr Ausfl\u00fcge in die umliegenden Bergd\u00f6rfer, die Grotte Mas d&#8217;Azil oder zu einem der kulinarischen M\u00e4rkte stehen vier Fahrr\u00e4der bereit. Wem das noch nicht mittelalterlich genug ist, der kann sich bei einem Tagesausflug zur ber\u00fchmten Burgenstadt <a href=\"https:\/\/www.ferienhausmiete.de\/ferienwohnung-ferienhaus-urlaub\/carcassonne\/r8874\">Carcasonne<\/a> oder einem der umliegenden Weing\u00fcter von der franz\u00f6sischen Lebensart verzaubern lassen.<\/p>\n\n\n\n<figure class=\"wp-block-image aligncenter\"><a href=\"https:\/\/www.ferienhausmiete.de\/blog\/resources\/uploads\/burg-frankreich.jpg\"><img decoding=\"async\" width=\"725\" height=\"483\" src=\"https:\/\/www.ferienhausmiete.de\/blog\/resources\/uploads\/burg-frankreich.jpg\" alt=\"Burg in Ariere\" class=\"wp-image-441\"\/><\/a><figcaption class=\"wp-element-caption\">Die liebevoll renovierte Katharerburg aus dem 12. Jahrhundert ist der ideale Startpunkt f\u00fcr Wanderungen, Canoying, Klettertouren oder kulinarische Ausfl\u00fcge.<\/figcaption><\/figure>\n\n\n\n<hr class=\"wp-block-separator has-css-opacity\"\/>\n\n\n\n<div class=\"wp-block-buttons is-layout-flex wp-block-buttons-is-layout-flex\">\n<div class=\"wp-block-button has-custom-width wp-block-button__width-100\"><a class=\"wp-block-button__link has-black-color has-text-color has-background wp-element-button\" href=\"https:\/\/www.ferienhausmiete.de\/64993.htm\" style=\"background-color:#ffd618\" target=\"_blank\" rel=\"noreferrer noopener\"><strong>Katharerburg&nbsp;buchen<\/strong><\/a><\/div>\n<\/div>\n\n\n\n<hr class=\"wp-block-separator has-css-opacity\"\/>\n\n\n\n<figure class=\"wp-block-image aligncenter\"><a href=\"https:\/\/www.ferienhausmiete.de\/blog\/resources\/uploads\/katharerburg.jpg\"><img loading=\"lazy\" decoding=\"async\" width=\"725\" height=\"354\" src=\"https:\/\/www.ferienhausmiete.de\/blog\/resources\/uploads\/katharerburg.jpg\" alt=\"Katharerburg Pyren\u00e4en\" class=\"wp-image-448\"\/><\/a><figcaption class=\"wp-element-caption\">In der n\u00e4heren Umgebung des herrschaftlichen Anwesens in Ariere befinden sich zahlreiche pittoreske D\u00f6rfer, Schl\u00f6sser und Weing\u00fcter.<\/figcaption><\/figure>\n\n\n\n<hr class=\"wp-block-separator has-css-opacity\"\/>\n\n\n\n<h2 class=\"wp-block-heading\"><strong>Insel<\/strong><\/h2>\n\n\n\n<p><em>&#8222;Immer sind Inseln Orte der Sehnsucht&#8220;<\/em>&nbsp;besagt ein altes Sprichwort. Das gilt auch und vor allem f\u00fcr <a href=\"https:\/\/www.ferienhausmiete.de\/ferienwohnung-ferienhaus-urlaub\/kanada\/r22\">Kanada<\/a>, wo sich so viele Privatinseln tummeln wie in keinem anderen Urlaubsland. In der an der Atlantikk\u00fcste gelegenen Provinz <a href=\"https:\/\/www.ferienhausmiete.de\/ferienwohnung-ferienhaus-urlaub\/nova-scotia\/r1943\">Nova Scotia<\/a>, wo sich zwei Nationalparks, \u00fcber 5.000 Seen&nbsp;und Naturwunder befinden, wartet dieses traumhafte Cottage auf einem 270.000 m\u00b2 gro\u00dfen, naturbelassenem Seegrundst\u00fcck, zu dem sage und schreibe 5 (!) Inseln geh\u00f6ren. Um das \u00fcppige Platzangebot auf sich wirken zu lassen, k\u00f6nnen bis zu 5 Personen, die im&nbsp;180 m\u00b2 gro\u00dfen und erstklassig ausgestatteten Inselhaus residieren, bei Bedarf am&nbsp;3 Kilometer langen Privatufer spazieren gehen, mit einem der Kanus oder Kajaks die Gew\u00e4sser erkunden oder auf dem 13 Kilometer langen Rundwanderweg um den Tupper-Lake die Flora &amp; Fauna Kanadas genie\u00dfen. Ein wahres Naturparadies &#8211; und das nur 90 Autominuten vom Flughafen Halifax entfernt.<\/p>\n\n\n\n<figure class=\"wp-block-image aligncenter\"><a href=\"https:\/\/www.ferienhausmiete.de\/blog\/resources\/uploads\/kanada-h\u00fctte.jpg\"><img loading=\"lazy\" decoding=\"async\" width=\"725\" height=\"544\" src=\"https:\/\/www.ferienhausmiete.de\/blog\/resources\/uploads\/kanada-h\u00fctte.jpg\" alt=\"Kanada Inselhaus Nova Scotia\" class=\"wp-image-447\"\/><\/a><figcaption class=\"wp-element-caption\">Das n\u00f6rdlich von Caledonia gelegene Cottage im Southwest-Country-Style liegt zwar inmitten unber\u00fchrter Natur, bietet aber perfekten Anschluss an zahlreiche Sehensw\u00fcrdigkeiten, Shoppingmalls und Nationalparks.<\/figcaption><\/figure>\n\n\n\n<hr class=\"wp-block-separator has-css-opacity\"\/>\n\n\n\n<div class=\"wp-block-buttons is-layout-flex wp-block-buttons-is-layout-flex\">\n<div class=\"wp-block-button has-custom-width wp-block-button__width-100\"><a class=\"wp-block-button__link has-black-color has-text-color has-background wp-element-button\" href=\"https:\/\/www.ferienhausmiete.de\/42993.htm\" style=\"background-color:#ffd618\" target=\"_blank\" rel=\"noreferrer noopener\"><strong>Dean Lake Cottage buchen<\/strong><\/a><\/div>\n<\/div>\n\n\n\n<hr class=\"wp-block-separator has-css-opacity\"\/>\n\n\n\n<figure class=\"wp-block-image aligncenter\"><a href=\"https:\/\/www.ferienhausmiete.de\/blog\/resources\/uploads\/Privatinsel-kanada.jpg\"><img loading=\"lazy\" decoding=\"async\" width=\"725\" height=\"544\" src=\"https:\/\/www.ferienhausmiete.de\/blog\/resources\/uploads\/Privatinsel-kanada.jpg\" alt=\"Kanada Nova Scotia Seegrundst\u00fcck\" class=\"wp-image-449\"\/><\/a><figcaption class=\"wp-element-caption\">Ein wahrer Traum f\u00fcr ruhesuchende Naturliebhaber. Am knapp 3 Kilometer langen Privatufer kann man hervorragend relaxen, angeln oder grillen.<\/figcaption><\/figure>\n\n\n\n<hr class=\"wp-block-separator has-css-opacity\"\/>\n\n\n\n<p class=\"has-text-align-center\"><em><strong>Ferienhausmiete.de w\u00fcnscht Euch einen unvergesslichen Urlaub in einer individuellen Unterkunft eurer Wahl und einen angenehmen &amp; erholsamen&nbsp;Aufenthalt jenseits g\u00e4ngiger Normen &amp; Standards!&nbsp;<\/strong><\/em><\/p>\n","protected":false},"excerpt":{"rendered":"<p>Hand aufs Herz. Wer hat nicht schon\u00a0die Lust versp\u00fcrt, den Urlaub\u00a0in einer au\u00dfergew\u00f6hnlichen Unterkunft\u00a0jenseits aller Normen &amp; Standards zu\u00a0verbringen? Denn je einzigartiger die Ferienwohnung, desto unvergesslicher die verdiente Auszeit vom Alltagsstress.\u00a0Auf\u00a0Ferienhausmiete.de\u00a0findet Ihr zahllose originelle &amp; ungew\u00f6hnliche Privatunterk\u00fcnfte\u00a0von der maritimen\u00a0Windm\u00fchle an der Nordsee\u00a0bis hin zur romantischen\u00a0H\u00f6hlenwohnung\u00a0in den Bergen der Provence. Wir haben ein wenig gest\u00f6bert und [&hellip;]<\/p>\n","protected":false},"author":19,"featured_media":1751,"comment_status":"open","ping_status":"closed","sticky":false,"template":"","format":"standard","meta":{"footnotes":""},"categories":[31,14],"tags":[],"class_list":["post-401","post","type-post","status-publish","format-standard","has-post-thumbnail","hentry","category-familienurlaub","category-strandurlaub"],"_links":{"self":[{"href":"https:\/\/www.ferienhausmiete.de\/blog\/wp-json\/wp\/v2\/posts\/401","targetHints":{"allow":["GET"]}}],"collection":[{"href":"https:\/\/www.ferienhausmiete.de\/blog\/wp-json\/wp\/v2\/posts"}],"about":[{"href":"https:\/\/www.ferienhausmiete.de\/blog\/wp-json\/wp\/v2\/types\/post"}],"author":[{"embeddable":true,"href":"https:\/\/www.ferienhausmiete.de\/blog\/wp-json\/wp\/v2\/users\/19"}],"replies":[{"embeddable":true,"href":"https:\/\/www.ferienhausmiete.de\/blog\/wp-json\/wp\/v2\/comments?post=401"}],"version-history":[{"count":10,"href":"https:\/\/www.ferienhausmiete.de\/blog\/wp-json\/wp\/v2\/posts\/401\/revisions"}],"predecessor-version":[{"id":20962,"href":"https:\/\/www.ferienhausmiete.de\/blog\/wp-json\/wp\/v2\/posts\/401\/revisions\/20962"}],"wp:featuredmedia":[{"embeddable":true,"href":"https:\/\/www.ferienhausmiete.de\/blog\/wp-json\/wp\/v2\/media\/1751"}],"wp:attachment":[{"href":"https:\/\/www.ferienhausmiete.de\/blog\/wp-json\/wp\/v2\/media?parent=401"}],"wp:term":[{"taxonomy":"category","embeddable":true,"href":"https:\/\/www.ferienhausmiete.de\/blog\/wp-json\/wp\/v2\/categories?post=401"},{"taxonomy":"post_tag","embeddable":true,"href":"https:\/\/www.ferienhausmiete.de\/blog\/wp-json\/wp\/v2\/tags?post=401"}],"curies":[{"name":"wp","href":"https:\/\/api.w.org\/{rel}","templated":true}]}}