{"id":6049,"date":"2020-07-24T09:00:00","date_gmt":"2020-07-24T07:00:00","guid":{"rendered":"https:\/\/www.ferienhausmiete.de\/blog\/?p=6049"},"modified":"2021-11-26T11:05:41","modified_gmt":"2021-11-26T10:05:41","slug":"sueddalmatien-entdecken-wandern-auf-der-honiginsel-mljet","status":"publish","type":"post","link":"https:\/\/www.ferienhausmiete.de\/blog\/sueddalmatien-entdecken-wandern-auf-der-honiginsel-mljet\/","title":{"rendered":"S\u00fcddalmatien entdecken \u2013 Wandern auf der Honiginsel Mljet"},"content":{"rendered":"\n<p><strong>Wandern in lichten Kiefernw\u00e4ldern, an alten Eichenhainen vorbei \u2013 hier und da glitzert das t\u00fcrkise Meer zwischen den harzigen Baumst\u00e4mmen und Bienen summen um die am Wegesrand wachsenden Kr\u00e4uter und violetten Orchideenbl\u00fcten herum. Eine tiefe Stille erf\u00fcllt die von den mediterranen D\u00fcften ges\u00e4ttigte Luft und eine k\u00fchle Brise weht vom nahen Meer heran. Wir wandern an Trockensteinmauern, auf denen braune und gr\u00fcne Salamander auf Beute warten, und an Orten vorbei, deren zeitlose Steinh\u00e4user schon das Mittelalter und die Renaissance erlebt haben k\u00f6nnten. <\/strong><\/p>\n\n\n\n<figure class=\"wp-block-image size-large\"><img decoding=\"async\" src=\"https:\/\/www.ferienhausmiete.de\/blog\/resources\/uploads\/sonneruntergang_mljet-1200x800.jpg\" alt=\"\" class=\"wp-image-6051\"\/><figcaption><strong>Die kroatische Insel Mljet ist ein Naturparadies<\/strong><\/figcaption><\/figure>\n\n\n\n<p>Eine unbebaute Bucht \u00f6ffnet sich dem Wanderer und l\u00e4dt zum abk\u00fchlenden Bad und Picknick ein. Kein Autol\u00e4rm, kein Geschrei badender Touristenhorden, kein Jetski und keine l\u00e4rmende Musik zerst\u00f6rt die idyllische Harmonie zwischen Kultur und Natur. Sie fragen sich vielleicht jetzt, wo man das noch erleben darf. Auf Mljet! \u2013 einer fast vergessenen Insel zwischen Dubrovnik auf dem Festland und Lastovo, jener am weitesten von der K\u00fcste entfernten kroatischen Insel in der Adria. <\/p>\n\n\n\n<p class=\"has-text-align-right\"><a href=\"https:\/\/www.ferienhausmiete.de\/ferienwohnung-ferienhaus-urlaub\/kroatien\/r32\" target=\"_blank\" rel=\"noreferrer noopener\" aria-label=\"Ferienwohnung in Kroatien buchen (\u00f6ffnet in neuem Tab)\">Ferienwohnung in Kroatien buchen<\/a><\/p>\n\n\n\n<h2 class=\"wp-block-heading\"><strong>Mljet: die sch\u00f6nste Gef\u00e4ngnisinsel von allen <\/strong><\/h2>\n\n\n\n<p>Mljet ist eine langgezogene Insel \u2013 circa 37 Kilometer lang und gut 3 Kilometer breit \u2013, die grob gesagt vis \u00e0 vis von Dubrovnik und s\u00fcdlich der gro\u00dfen Halbinsel Pelje\u0161ac liegt. Von beiden Orten ist Mljet mit der F\u00e4hre erreichbar. Sie ist zu 90% bewaldet, verf\u00fcgt im Nordwesten \u00fcber einen gesch\u00fctzten Nationalpark (Campen verboten) und ist die gr\u00fcnste aller Mittelmeerinseln. Sie wurde bereits von Griechen bewohnt, die der Insel ihren Namen <em>Melita Nesos <\/em>gaben, die Insel des Honigs, wovon sich das kroatische \u201eMljet\u201c ableitet. Kristallklares azurblaues Wasser umgibt die Insel und D\u00fcfte mediterraner Kr\u00e4uter, Myrte, kleiner Orchideengew\u00e4chse und Harze von sonnenbeschienenen Kiefern und Steineichen umfangen den Besucher in einer M\u00e4rchenlandschaft. Ganz speziell sind auch die Indischen Mungos, jene possierlichen Pelztierchen, die der f\u00fcr die Forstwirtschaft der Insel beauftragte Baron Schilling um 1900 hierher bringen lie\u00df. Sie sollten mit der Schlangenplage aufr\u00e4umen, was sie auch vielleicht etwas zu gr\u00fcndlich taten, denn auch Schlangen sind sch\u00f6ne und n\u00fctzliche Tiere. Nach den Schlangen waren dann die V\u00f6gel dran, denn die Mungos k\u00e4mpfen um ihr \u00dcberleben auf ihrer Gef\u00e4ngnisinsel, von der sie nicht selbst weg konnten. Ich gebe zu, dass ich den Mungos nie begegnet bin, dabei sollen sie sehr sch\u00f6n sein mit ihrem gesprenkelt gefiederten Fell. Halten Sie Ausschau nach mader\u00e4hnlichen Tieren \u2013 vielleicht haben Sie mehr Gl\u00fcck als ich. <\/p>\n\n\n\n<figure class=\"wp-block-image size-large\"><img decoding=\"async\" src=\"https:\/\/www.ferienhausmiete.de\/blog\/resources\/uploads\/Berge_Mljet-1200x800.jpg\" alt=\"\" class=\"wp-image-6053\"\/><figcaption><strong>Mljet ist die gr\u00fcnste aller Mittelmeerinsln<\/strong><\/figcaption><\/figure>\n\n\n\n<p>In der fr\u00fchen Geschichte von Mljet tauchen zwei weltber\u00fchmte Gestalten auf: Odysseus und der Apostel Paulus. \u00c4hnlich wie f\u00fcr die Mungos wurde Mljet auch f\u00fcr sie zu einer Art Gef\u00e4ngnis. Nicht nur aufgrund der Sage, sondern auch ihrer Sch\u00f6nheit wegen sollten sie die im Norden der Insel \u00fcber dem Meer gelegenen H\u00f6hlen aufsuchen (empfehlenswert auch mit einem Boot), wo Odysseus von der sch\u00f6nen Nymphe Kalypso gefangen gehalten wurde. <\/p>\n\n\n\n<p class=\"has-text-align-right\"><a href=\"https:\/\/www.ferienhausmiete.de\/ferienwohnung-ferienhaus-urlaub\/dubrovnik-sueddalmatien\/r5852\" target=\"_blank\" rel=\"noreferrer noopener\" aria-label=\"Ferienwohnung in Dubrovnik &amp; Umland buchen (\u00f6ffnet in neuem Tab)\">Ferienwohnung in Dubrovnik &amp; Umland buchen<\/a><\/p>\n\n\n\n<figure class=\"wp-block-image size-large\"><img fetchpriority=\"high\" decoding=\"async\" width=\"1200\" height=\"800\" src=\"https:\/\/www.ferienhausmiete.de\/blog\/resources\/uploads\/H\u00f6hle_Mljet-1200x800.jpg\" alt=\"\" class=\"wp-image-6054\"\/><figcaption><strong>Die H\u00f6hlen der Inseln kann man unter anderem per Boot erkunden<\/strong><\/figcaption><\/figure>\n\n\n\n<p>Sicherlich eine sehr angenehme Gefangenschaft, die einige Jahre gedauert haben soll. Auch der Apostel Paulus hat der Insel seine \u2013 allerdings ungewollte \u2013 Aufwartung gemacht, als er \u00e4hnlich wie der griechische Held auf Mljet strandete. Dieses Ereignis beansprucht auch die Insel Malta f\u00fcr sich, doch die Mljeter halten kr\u00e4ftig dagegen, mit dem Hinweis, nur auf Mljet gab es damals die vielen Schlangen, die der Apostel erw\u00e4hnt. Aber auch f\u00fcr historisch verb\u00fcrgte Adelige wurde Mljet zum ungeplanten Aufenthaltsort. Wir spr\u00e4chen von der r\u00f6mischen Zeit der Verbannungen, als r\u00f6mische Kaiser hier ihre unliebsame Elite \u201aabstellte\u2018. Auf der Insel gibt es noch prominente Ruinen dieser Verbannungspolitik.<\/p>\n\n\n\n<figure class=\"wp-block-image size-full\"><a href=\"https:\/\/www.ferienhausmiete.de\/ferienwohnung-ferienhaus-urlaub\/kroatien\/r32\" target=\"_blank\" rel=\"noreferrer noopener\"><img decoding=\"async\" width=\"1200\" height=\"400\" src=\"https:\/\/www.ferienhausmiete.de\/blog\/resources\/uploads\/Blogteaser-24.png\" alt=\"\" class=\"wp-image-6078\"\/><\/a><\/figure>\n\n\n\n<h2 class=\"wp-block-heading\"><strong>Wo man beim Wandern die Seele baumeln l\u00e4sst<\/strong><\/h2>\n\n\n\n<p>F\u00fcr mich ist diese Insel ein kleiner Traum und wie durch ein Wunder immer noch ein Geheimtipp, den ich gerne mit Gleichgesinnten teile. Und Gleichgesinnte sind vor allem jene, die Stille genie\u00dfen k\u00f6nnen, Wandern mit Schwimmen verbinden, Mu\u00dfe haben, der Tierwelt und dem Rauschen des Windes in den herrlich duftenden Aleppokiefern zu lauschen. Einmalig w\u00e4re die lange, schmale Insel alleine schon deswegen, aber sie kr\u00f6nt ihre Vorz\u00fcge noch einmal mit spannenden historischen Monumenten. Dazu geh\u00f6ren ein uraltes Benediktinerkloster, r\u00f6misches Palazzo, einige Basiliken und uralte Kapellen sowie kleine vertr\u00e4umte Weiler, deren H\u00e4user an kleine Palazzi erinnern. <\/p>\n\n\n\n<p class=\"has-text-align-right\"><a href=\"https:\/\/www.ferienhausmiete.de\/ferienwohnung-ferienhaus-urlaub\/suedliche-adria\/r26926\">Ferienwohnung an der S\u00fcdlichen Adria buchen<\/a><\/p>\n\n\n\n<figure class=\"wp-block-image size-large\"><img decoding=\"async\" src=\"https:\/\/www.ferienhausmiete.de\/blog\/resources\/uploads\/Kloster_Mljet-1200x800.jpg\" alt=\"\" class=\"wp-image-6055\"\/><figcaption><strong>Das Benediktinerkloster befindet sich auf einer eigenen kleinen Insel<\/strong><\/figcaption><\/figure>\n\n\n\n<p>Mljets Top-Sehensw\u00fcrdigkeit, das sind jedoch zwei miteinander verbundene Seen, deren Wasser sich aus dem nahen Meer speist. Sie hei\u00dfen schlicht Veliko und Malo Jezoro, der Gro\u00dfe und der Kleine See, und sind durch einen Stichkanal miteinander verbunden. Das Meer bestimmt das Hinein- und Herausflie\u00dfen des Salzwassers im steten Gezeitenwechsel. Eine kleine Br\u00fccke \u00fcberspannt die Seen und lockt in einer gewundenen \u201eAcht\u201c die beiden zu umrunden. Dabei kommen Sie an der winzigen Ortschaft Soline vorbei, nicht mehr als einen Flecken, der von der Familie Sr\u0161ena 1825 gegr\u00fcndet wurde. Der Name \u201eSoline\u201c macht darauf aufmerksam, dass zuvor die Benediktiner hier Salz in Salinen anbauten. Mittlerweile finden ruhesuchende Touristen hier einige sch\u00f6ne Privatunterk\u00fcnfte und Pensionen, sowie eine nette einfache Konoba direkt am Seeufer, die erneut zum Schlemmen einl\u00e4dt. <\/p>\n\n\n\n<p class=\"has-text-align-right\"><a href=\"https:\/\/www.ferienhausmiete.de\/ferienwohnung-ferienhaus-urlaub\/dalmatien\/r3813\" target=\"_blank\" rel=\"noreferrer noopener\" aria-label=\"Ferienwohnung in Dalmatien buchen (\u00f6ffnet in neuem Tab)\">Ferienwohnung in Dalmatien buchen<\/a><\/p>\n\n\n\n<figure class=\"wp-block-image size-large\"><img decoding=\"async\" src=\"https:\/\/www.ferienhausmiete.de\/blog\/resources\/uploads\/Veliko_See-1200x800.jpg\" alt=\"\" class=\"wp-image-6056\"\/><figcaption><strong>Der Veliko See speist sein Wasser aus dem Meer<\/strong><\/figcaption><\/figure>\n\n\n\n<p>Inmitten des Gro\u00dfen Sees liegt romantisch die kleine Insel Sv Marija (Hl. Maria), auf der ein imposantes Kloster aus dem 12. Jahrhundert thront. Bewohnt war die winzige Insel schon zu R\u00f6merzeiten und im 1869 bis 1941 befand sich hier die von den \u00d6sterreichern eingerichtete Forstverwaltung. Gebaut wurde das Kloster, die all die historischen Wirren \u00fcberstand, von den aus Italien kommenden Benediktinerm\u00f6nchen, denden hier bis zum Einfall der Napoleonischen Truppen fast alles geh\u00f6rte. Tito, der ber\u00fchmte Held der Befreiung Jugoslawiens und der erste Ministerpr\u00e4sident der Volksrepublik Jugoslawien, hat nach dem Krieg das Kloster zu seiner Sommerresidenz erkoren und die original mittelalterliche Br\u00fccke sprengen und den Kanal zum Meer hin auf zwei Meter ausheben lassen, damit er die Binnenseeinsel mit seiner Yacht erreichen konnte. Doch schlie\u00dflich entschied er sich gegen diese Bleibe \u2013 vielleicht war ihm dieses Idyll dann doch zu abgeschieden. Als Wanderer freut man sich \u00fcber die von der Natur erf\u00fcllte Stille, die an den beiden Seesch\u00f6nheiten herrscht, \u00fcber die rauschenden, nach Harz duftenden W\u00e4lder und \u00fcber das sanfte Sonnenlicht, das die Kiefernkronen durchbricht. Verweilen Sie ruhig l\u00e4nger hier und betrachten Sie die auf dem See ruhenden Boote, die den Eindruck erwecken, sie schwebten \u00fcber dem kristallklaren Wasser. <\/p>\n\n\n\n<figure class=\"wp-block-image size-large\"><img decoding=\"async\" src=\"https:\/\/www.ferienhausmiete.de\/blog\/resources\/uploads\/Kloster_See_Mljet-1200x800.jpg\" alt=\"\" class=\"wp-image-6057\"\/><figcaption><strong>Das sagenumwobene Kloster aus dem 12. Jahrhundert ist einen Besuch Wert<\/strong><\/figcaption><\/figure>\n\n\n\n<p>Das Kloster auf der Insel wurde zwar nicht Titos Residenz daf\u00fcr aber ab 1960 das Hotel \u201eMelita\u201c, das um 1995 seine Pforten \u2013 angeblich um die Natur zu sch\u00fctzen \u2013 schloss. Heutzutage k\u00f6nnen Sie die Insel mit einem kleinen, etwa st\u00fcndlich vom Ufer des Gro\u00dfen Sees aus ablegenden Boot erreichen, die im Kern mittelalterlichen Geb\u00e4ude besichtigen und durch die sch\u00f6ne Natur spazieren. F\u00fcr das leibliche Wohl sorgt ein kleines gleichnamiges Restaurant. Besonders beeindruckend ist die um 1165 bis 1227 im apulischen Stil errichtete Klosterkirche.<\/p>\n\n\n\n<p class=\"has-text-align-right\"><a href=\"https:\/\/www.ferienhausmiete.de\/ferienwohnung-ferienhaus-urlaub\/zadar-norddalmatien\/r5850\">Ferienwohnung in Zadar &amp; Umland buchen<\/a><\/p>\n\n\n\n<figure class=\"wp-block-gallery columns-2 is-cropped wp-block-gallery-1 is-layout-flex wp-block-gallery-is-layout-flex\"><ul class=\"blocks-gallery-grid\"><li class=\"blocks-gallery-item\"><figure><img decoding=\"async\" src=\"https:\/\/www.ferienhausmiete.de\/blog\/resources\/uploads\/Fenster_Kloster_1-1-1200x800.jpg\" alt=\"\" data-id=\"6063\" data-full-url=\"https:\/\/www.ferienhausmiete.de\/blog\/resources\/uploads\/Fenster_Kloster_1-1.jpg\" data-link=\"https:\/\/www.ferienhausmiete.de\/blog\/sueddalmatien-entdecken-genusswandern-auf-der-honiginsel-mljet\/st-marija-monastery-on-island-of-mljet-3\/\" class=\"wp-image-6063\"\/><figcaption class=\"blocks-gallery-item__caption\"> Ein Besuch lohnt die Klosterkirche mit &#8230; <\/figcaption><\/figure><\/li><li class=\"blocks-gallery-item\"><figure><img decoding=\"async\" src=\"https:\/\/www.ferienhausmiete.de\/blog\/resources\/uploads\/Fenster_Kloster_2-1200x800.jpg\" alt=\"\" data-id=\"6062\" data-link=\"https:\/\/www.ferienhausmiete.de\/blog\/sueddalmatien-entdecken-genusswandern-auf-der-honiginsel-mljet\/st-marija-monastery-on-island-of-mljet-2\/\" class=\"wp-image-6062\"\/><figcaption class=\"blocks-gallery-item__caption\">&#8230; den bunten Fenstern.<\/figcaption><\/figure><\/li><\/ul><\/figure>\n\n\n\n<p>Dieses herrliche Natur- und Kulturensemble k\u00f6nnen Sie auf einem der vielen sch\u00f6nen Wege erwandern. Daf\u00fcr quartieren Sie sich am besten in der kleinen Ortschaft Pamena im \u00e4u\u00dfersten Westen der Insel ein. Die Wanderung ist einfach und bietet sich als Startpunkt f\u00fcr sp\u00e4tere l\u00e4ngere Entdeckungstouren per pedes oder Fahrrad an. Pamena liegt an einer sch\u00f6nen Bucht mit Blick auf die Halbinsel Pelje\u0161ac. Sie geh\u00f6rt bereits zum Terrain des Nationalparks und ist gleichzeitig der touristischste Ort der Insel. Doch keine Angst, \u201etouristisch\u201c bedeutet hier nicht das gleiche wie auf Mallorca oder Bra\u010d. Angenehme Pensionen und viele sch\u00f6ne Privatunterk\u00fcnfte erwarten Sie hier genauso wie eine entspannte erholsame Atmosph\u00e4re. Wer eine etwas l\u00e4ngere und abwechslungsreiche Wanderung zu den Seen unternehmen m\u00f6chte, der verlegt seinen Ausgangsort nach Pola\u010de im Nordwesten der Insel. Diese uralte Ortschaft galt bereits den R\u00f6mern als ein rundum sicherer Hafen, so verwundert es auch nicht, dass er vor allem im Sommer von Yachten mit ihren Crews geradezu \u00fcberrannt wird. Russische Oligarchen gesellen sich dann zu den kleineren Charteryachten mit manchmal doch zu trinkstarker Besatzung. Trotz alldem ist der Ort sehenswert und als Basis durchaus empfehlenswert, vorausgesetzt, Sie meiden die Hochsaison. Nichts einfacher als das, denn der s\u00fcddalmatische Herbst ist meiner Ansicht nach die sch\u00f6nste Jahreszeit. Und auch der Winter und Fr\u00fchling haben ihre Vorz\u00fcge, doch in diesen Monaten sollten Sie eine Unterkunft mit Heizm\u00f6glichkeit w\u00e4hlen.<\/p>\n\n\n\n<figure class=\"wp-block-image size-large\"><img decoding=\"async\" src=\"https:\/\/www.ferienhausmiete.de\/blog\/resources\/uploads\/Titelbild_Mljet-1-1200x800.jpg\" alt=\"\" class=\"wp-image-6075\"\/><figcaption><strong>Die kleine Insel Mljet wird von vielen Segelbooten angesteuert<\/strong><\/figcaption><\/figure>\n\n\n\n<p>Die Stra\u00dfe in den Ort Pola\u010de f\u00fchrt Sie durch einen ehemals imposanten <em>r\u00f6mischen Palast<\/em>, von dem noch 15 Meter hohe Mauern zeugen. Er gab dem Ort seinen Namen. Hier residierte ein vom r\u00f6mischen Kaiser Septimus Severus verbannter Adeliger aus Kilikien. Sein Sohn Oppian scheint die Sch\u00f6nheit der Insel sehr genossen zu haben, die er so hervorragend in Verse fasste, dass der Kaiser die Verbannung schlie\u00dflich annullierte. Gleich dahinter finden Sie eine r\u00f6mische <em>Basilika der fr\u00fchen Christen<\/em> und darin ein Baptisterium mit origin\u00e4rem Taufbecken (li. vom Chor). Von hier aus f\u00fchrt Sie ein Wanderweg hinunter zu dem Gro\u00dfen See. <\/p>\n\n\n\n<p class=\"has-text-align-right\"><a href=\"https:\/\/www.ferienhausmiete.de\/ferienwohnung-ferienhaus-urlaub\/split-umland\/r5851\" target=\"_blank\" rel=\"noreferrer noopener\" aria-label=\"Ferienwohnung in Split &amp; Umland buchen (\u00f6ffnet in neuem Tab)\">Ferienwohnung in Split &amp; Umland buchen<\/a><\/p>\n\n\n\n<h2 class=\"wp-block-heading\"><strong>F\u00fcr den absoluten Naturkick <\/strong><\/h2>\n\n\n\n<p>Passionierteren Wanderern empfehle ich eine Verl\u00e4ngerung ihrer Wanderroute. Ab dem Gro\u00dfen See k\u00f6nnen Sie n\u00e4mlich in circa einer halben Stunde den offiziell bewachten Naturpark erreichen. An einer Schranke m\u00fcssen Sie eine Eintrittsgeb\u00fchr entrichten, die dem Erhalt dieser anmutigen Landschaft zugute kommt. Davon werden die W\u00e4chter finanziert, die t\u00e4glich nach m\u00f6glichen Brandherden ausschauhalten, und jene, die die Entsorgung des Plastikm\u00fclls, der in die Seen vom Meer aus angeschwemmt wird, vornehmen. Von hier aus sollten Sie den Berg <em>Montokuc<\/em> mit seiner einfachen Holzh\u00fctte erklimmen. Auf 258 Metern H\u00f6he angekommen werden Sie mit einem atemberaubenden Panoramablick bis hin zum Festland belohnt \u2013 und k\u00f6nnen wunderbar in dieser fantastischen Landschaft Ihr Picknick aufdecken.<\/p>\n\n\n\n<figure class=\"wp-block-gallery columns-2 is-cropped wp-block-gallery-2 is-layout-flex wp-block-gallery-is-layout-flex\"><ul class=\"blocks-gallery-grid\"><li class=\"blocks-gallery-item\"><figure><img decoding=\"async\" src=\"https:\/\/www.ferienhausmiete.de\/blog\/resources\/uploads\/Montokuc-2-1200x800.jpg\" alt=\"\" data-id=\"6069\" data-full-url=\"https:\/\/www.ferienhausmiete.de\/blog\/resources\/uploads\/Montokuc-2.jpg\" data-link=\"https:\/\/www.ferienhausmiete.de\/blog\/sueddalmatien-entdecken-genusswandern-auf-der-honiginsel-mljet\/montokuc-viewpoint-mljet-dalmatia-croatia-3\/\" class=\"wp-image-6069\"\/><figcaption class=\"blocks-gallery-item__caption\">Von der kleinen Holzh\u00fctte aus, hat man einen &#8230;<\/figcaption><\/figure><\/li><li class=\"blocks-gallery-item\"><figure><img decoding=\"async\" src=\"https:\/\/www.ferienhausmiete.de\/blog\/resources\/uploads\/Ausblick_Montokuc-1200x800.jpg\" alt=\"\" data-id=\"6066\" data-link=\"https:\/\/www.ferienhausmiete.de\/blog\/sueddalmatien-entdecken-genusswandern-auf-der-honiginsel-mljet\/view-from-montokuc-viewpoint-mljet-croatia\/\" class=\"wp-image-6066\"\/><figcaption class=\"blocks-gallery-item__caption\">&#8230; tollen Panoramablick auf Inseln und Festland.<\/figcaption><\/figure><\/li><\/ul><\/figure>\n\n\n\n<p>Seit 2012 k\u00f6nnen sich Wanderer auf einen sch\u00f6n angelegten Streckenwanderweg auf Mljet freuen. Insgesamt 43 Kilometer f\u00fchren Sie von Pamena nach Sobra im Norden der Insel. Der Wanderweg orientiert sich in weiteren Streckenverlauf an Graten oder f\u00fchrt Sie knapp unterhalb der Bergspitzen Mljets entlang. Die Wanderung ist abwechslungsreich \u2013 Sie passieren unter anderem zwei H\u00f6hlensysteme \u2013 und ist auf circa drei bis vier Tage angelegt. Dies ist meine absolute Empfehlung f\u00fcr jene, die den heimatlichen Stress gr\u00fcndlich ablegen wollen. Ach ja, fast h\u00e4tte ich vergessen zu erw\u00e4hnen: Wenn Sie l\u00e4nger hier verweilen m\u00f6chten, so bringen Sie Ihren vierbeinigen Wanderfreund mit (Zeckenschutz nicht vergessen), denn die Kroaten lieben Hunde.<\/p>\n\n\n\n<figure class=\"wp-block-image size-large\"><img decoding=\"async\" src=\"https:\/\/www.ferienhausmiete.de\/blog\/resources\/uploads\/Wanderer_Mljet-1200x800.jpg\" alt=\"\" class=\"wp-image-6070\"\/><figcaption><strong>Passionierte Wanderer finden hier das Paradies mit unz\u00e4hligen Fotomotiven<\/strong><\/figcaption><\/figure>\n\n\n\n<blockquote class=\"wp-block-quote is-layout-flow wp-block-quote-is-layout-flow\"><p><strong>Mein Tipp:<\/strong> Wer Mljet kulinarisch erleben m\u00f6chte, der pilgert (Fahrrad, Pedes, Auto erlaubt) zu der <em>Konoba Sermasi<\/em>. Sie liegt \u201eam Ende der Welt\u201c, unweit der <em>Saplunara-Bucht<\/em> ganz im S\u00fcden der Insel. \u00dcbrigens, hier finden Sie auch einen der raren Sandstrandbuchten vor. Die Konoba Sermasi liegt wundersch\u00f6n an einem Hang zum Wasser hin und bietet neben den \u00e0 la Carte herausragenden Speisen auch etwas ganz Besonderes, n\u00e4mlich die <em>Peka<\/em>. Ein Gericht, das Sie einen Tag vorher vorbestellen sollten, und das nur ungen\u00fcgend als \u201eEintopf\u201c oder \u201eSchmorgericht\u201c aus der Glut umschrieben ist. Die Peka gibt es mit Tintenfisch oder Lammfleisch (oder anderen Fleischsorten) und beides ist jeweils ein Traum, den ich bis heute nicht vergessen habe. Hervorragend auch der typisch dalmatische Oktopus-Salat, <em>Salata od hobotnice<\/em>, nach Art des Hauses \u2013 jedes Mal eine klitzekleine aber geschmacklich wichtige Variation, die sich die Damen und Herren der Gastronomie einfallen lassen, daher lohnt es sich, die in (fast) jeder Konoba zu probieren.<\/p><\/blockquote>\n\n\n\n<figure class=\"wp-block-image size-large\"><img decoding=\"async\" src=\"https:\/\/www.ferienhausmiete.de\/blog\/resources\/uploads\/Saplunara-Strand-1200x800.jpg\" alt=\"\" class=\"wp-image-6071\"\/><figcaption><strong>In der Saplunara Bucht kann man wunderbar baden &#8211; und auch essen<\/strong><\/figcaption><\/figure>\n","protected":false},"excerpt":{"rendered":"<p>Wandern in lichten Kiefernw\u00e4ldern, an alten Eichenhainen vorbei \u2013 hier und da glitzert das t\u00fcrkise Meer zwischen den harzigen Baumst\u00e4mmen und Bienen summen um die am Wegesrand wachsenden Kr\u00e4uter und violetten Orchideenbl\u00fcten herum. Eine tiefe Stille erf\u00fcllt die von den mediterranen D\u00fcften ges\u00e4ttigte Luft und eine k\u00fchle Brise weht vom nahen Meer heran. Wir wandern [&hellip;]<\/p>\n","protected":false},"author":17,"featured_media":6076,"comment_status":"open","ping_status":"closed","sticky":false,"template":"","format":"standard","meta":{"footnotes":""},"categories":[27,34,20],"tags":[],"class_list":["post-6049","post","type-post","status-publish","format-standard","has-post-thumbnail","hentry","category-aktivurlaub","category-kroatien","category-wander-und-kletterurlaub"],"_links":{"self":[{"href":"https:\/\/www.ferienhausmiete.de\/blog\/wp-json\/wp\/v2\/posts\/6049","targetHints":{"allow":["GET"]}}],"collection":[{"href":"https:\/\/www.ferienhausmiete.de\/blog\/wp-json\/wp\/v2\/posts"}],"about":[{"href":"https:\/\/www.ferienhausmiete.de\/blog\/wp-json\/wp\/v2\/types\/post"}],"author":[{"embeddable":true,"href":"https:\/\/www.ferienhausmiete.de\/blog\/wp-json\/wp\/v2\/users\/17"}],"replies":[{"embeddable":true,"href":"https:\/\/www.ferienhausmiete.de\/blog\/wp-json\/wp\/v2\/comments?post=6049"}],"version-history":[{"count":2,"href":"https:\/\/www.ferienhausmiete.de\/blog\/wp-json\/wp\/v2\/posts\/6049\/revisions"}],"predecessor-version":[{"id":10548,"href":"https:\/\/www.ferienhausmiete.de\/blog\/wp-json\/wp\/v2\/posts\/6049\/revisions\/10548"}],"wp:featuredmedia":[{"embeddable":true,"href":"https:\/\/www.ferienhausmiete.de\/blog\/wp-json\/wp\/v2\/media\/6076"}],"wp:attachment":[{"href":"https:\/\/www.ferienhausmiete.de\/blog\/wp-json\/wp\/v2\/media?parent=6049"}],"wp:term":[{"taxonomy":"category","embeddable":true,"href":"https:\/\/www.ferienhausmiete.de\/blog\/wp-json\/wp\/v2\/categories?post=6049"},{"taxonomy":"post_tag","embeddable":true,"href":"https:\/\/www.ferienhausmiete.de\/blog\/wp-json\/wp\/v2\/tags?post=6049"}],"curies":[{"name":"wp","href":"https:\/\/api.w.org\/{rel}","templated":true}]}}