{"id":20445,"date":"2025-05-30T13:29:04","date_gmt":"2025-05-30T11:29:04","guid":{"rendered":"https:\/\/www.ferienhausmiete.de\/gastgebermagazin\/?p=20445"},"modified":"2025-07-10T11:49:19","modified_gmt":"2025-07-10T09:49:19","slug":"eu-verordnung-zur-kurzzeitvermietung-so-setzt-europa-die-neuen-regeln-um","status":"publish","type":"post","link":"https:\/\/www.ferienhausmiete.de\/gastgebermagazin\/eu-verordnung-zur-kurzzeitvermietung-so-setzt-europa-die-neuen-regeln-um\/","title":{"rendered":"EU-Verordnung zur Kurzzeitvermietung: So setzt Europa die neuen Regeln um"},"content":{"rendered":"\n<p>Mit der Verordnung (EU) 2024\/1028 schafft die Europ\u00e4ische Union erstmals einheitliche Regeln f\u00fcr die Kurzzeitvermietung. Ziel ist mehr Transparenz, bessere Kontrolle und ein verl\u00e4sslicher Datenaustausch zwischen Gastgebern, Plattformen und Beh\u00f6rden. Die Verordnung ist am 20. Mai 2024 in Kraft getreten und gilt ab 20. Mai 2026 verbindlich in allen Mitgliedstaaten.<\/p>\n\n\n\n<p>Viele europ\u00e4ische L\u00e4nder setzen die Regeln bereits um \u2013 allen voran Spanien und Italien. Auch in Deutschland laufen Vorbereitungen auf Bundes-, L\u00e4nder- und kommunaler Ebene. Dieser Artikel gibt einen \u00dcberblick \u00fcber Inhalte, internationale Umsetzung und aktuelle Entwicklungen in deutschen St\u00e4dten und Kommunen.<\/p>\n\n\n\n<h2 class=\"wp-block-heading\">Was regelt die EU-Verordnung 2024\/1028 konkret?<\/h2>\n\n\n\n<p>Die Verordnung verpflichtet Gastgeber, Plattformen und Beh\u00f6rden zu einem standardisierten Datenaustausch, um mehr Transparenz, rechtssichere Rahmenbedingungen und eine effektive Marktaufsicht zu gew\u00e4hrleisten \u2013 ohne in nationale Wohnraumpolitik einzugreifen.<\/p>\n\n\n\n<p>Laut dem <a href=\"http:\/\/BMWK \u2013 Schlaglichter zur Verordnung\">BMWK und dem offiziellen Gesetzestext <\/a>umfasst die Verordnung folgende zentrale Punkte:<\/p>\n\n\n\n<div style=\"height:22px\" aria-hidden=\"true\" class=\"wp-block-spacer\"><\/div>\n\n\n\n<p><strong>1. Registrierungspflicht<\/strong><\/p>\n\n\n\n<ul class=\"wp-block-list\">\n<li>Mitgliedstaaten k\u00f6nnen ein oder mehrere Registrierungsverfahren einf\u00fchren.<\/li>\n\n\n\n<li>Gastgeber erhalten eine eindeutige Registrierungsnummer, die in allen Inseraten auf Online-Plattformen verpflichtend anzugeben ist.<\/li>\n<\/ul>\n\n\n\n<div style=\"height:21px\" aria-hidden=\"true\" class=\"wp-block-spacer\"><\/div>\n\n\n\n<p><strong>2. Pflichten f\u00fcr Plattformen<\/strong><\/p>\n\n\n\n<ul class=\"wp-block-list\">\n<li>Plattformen wie Airbnb oder Booking.com d\u00fcrfen nur noch Angebote mit g\u00fcltiger Registrierungsnummer ver\u00f6ffentlichen.<\/li>\n\n\n\n<li>Sie m\u00fcssen monatlich strukturierte Daten \u00fcber Gastgeberaktivit\u00e4ten an die zust\u00e4ndigen Beh\u00f6rden \u00fcbermitteln. (z.\u202fB. zu Anzahl der N\u00e4chte, Unterkunftsadresse, Buchungen etc.)<\/li>\n<\/ul>\n\n\n\n<div style=\"height:21px\" aria-hidden=\"true\" class=\"wp-block-spacer\"><\/div>\n\n\n\n<p><strong>3. Digitale Zugangsstelle<\/strong><\/p>\n\n\n\n<ul class=\"wp-block-list\">\n<li>Jeder Mitgliedstaat muss eine zentrale digitale Schnittstelle bereitstellen.<\/li>\n\n\n\n<li>In Deutschland ist laut <a href=\"http:\/\/BMWK \u2013 KVDG-Referentenentwurf (PDF)\">Referentenentwurf zum KVDG (BMWK)<\/a> die Bundesnetzagentur daf\u00fcr vorgesehen.<\/li>\n<\/ul>\n\n\n\n<div style=\"height:21px\" aria-hidden=\"true\" class=\"wp-block-spacer\"><\/div>\n\n\n\n<p><strong>4. Verh\u00e4ltnism\u00e4\u00dfigkeit und Datenschutz<\/strong><\/p>\n\n\n\n<ul class=\"wp-block-list\">\n<li>Kleine Anbieter (weniger als 10 Buchungen pro Jahr) k\u00f6nnen ausgenommen werden.<\/li>\n\n\n\n<li>Alle Datenverarbeitung erfolgt DSGVO-konform.<\/li>\n<\/ul>\n\n\n\n<div style=\"height:21px\" aria-hidden=\"true\" class=\"wp-block-spacer\"><\/div>\n\n\n\n<h2 class=\"wp-block-heading\"><strong>Vorreiter der EU-Verordnung zur Kurzzeitvermietung in Europa: Spanien und Italien<\/strong><\/h2>\n\n\n\n<h3 class=\"wp-block-heading\"><strong>Spanien: NRA-Registrierungssystem landesweit eingef\u00fchrt<\/strong><\/h3>\n\n\n\n<p>Spanien hat bereits ein landesweites Registrierungsverfahren (NRA \u2013 N\u00famero de Registro de Alojamiento) eingef\u00fchrt. Diese zentrale Nummer ist in allen Inseraten verpflichtend und wird in Zusammenarbeit zwischen Plattformen und Beh\u00f6rden kontrolliert. Ziel ist eine einheitliche Datenbasis \u00fcber alle autonomen Regionen hinweg.<\/p>\n\n\n\n<p><strong>Weiterf\u00fchrende Informationen: <a href=\"https:\/\/www.ferienhausmiete.de\/gastgebermagazin\/einheitliche-registrierungsnummer-nra-fuer-ferienunterkuenfte-in-spanien\/\">Einheitliche Registrierungsnummer (NRA) f\u00fcr Ferienunterk\u00fcnfte in Spanien<\/a><\/strong><\/p>\n\n\n\n<div style=\"height:21px\" aria-hidden=\"true\" class=\"wp-block-spacer\"><\/div>\n\n\n\n<h3 class=\"wp-block-heading\"><strong>Italien \u2013 CIN-System aktiv<\/strong><\/h3>\n\n\n\n<p>Auch Italien setzt auf eine nationale Identifikationsnummer: die <strong>Codice Identificativo Nazionale (CIN)<\/strong>. Diese ist in jeder Region einheitlich geregelt und muss bei Inseraten zwingend angegeben werden. Plattformen wie Airbnb und Booking.com sind verpflichtet, die Nummern zu verifizieren.<\/p>\n\n\n\n<div style=\"height:22px\" aria-hidden=\"true\" class=\"wp-block-spacer\"><\/div>\n\n\n\n<h2 class=\"wp-block-heading\"><strong>Wie Deutschland die EU-Verordnung 2024\/1028 umsetzen will<\/strong><\/h2>\n\n\n\n<p>Zur Umsetzung der EU-Verordnung \u00fcber die Erhebung und Weitergabe von Daten bei kurzfristiger Vermietung von Unterk\u00fcnften hat das Bundesministerium f\u00fcr Wirtschaft und Klimaschutz (BMWK) im Mai 2024 den Referentenentwurf eines Kurzzeitvermietung-Datenaustausch-Gesetzes (KVDG) ver\u00f6ffentlicht.<\/p>\n\n\n\n<p>Deutschland setzt auf f\u00f6derale Umsetzung mit zentraler Datendrehscheibe und auf ein zweistufiges System:<\/p>\n\n\n\n<ul class=\"wp-block-list\">\n<li>Zentral: Die Bundesnetzagentur \u00fcbernimmt die technische Abwicklung des Datenaustauschs.<\/li>\n\n\n\n<li>Dezentral: Die Bundesl\u00e4nder und Kommunen behalten die Zust\u00e4ndigkeit f\u00fcr die Einf\u00fchrung und Verwaltung von Registrierungsverfahren sowie f\u00fcr lokale Zweckentfremdungssatzungen.<\/li>\n<\/ul>\n\n\n\n<div style=\"height:26px\" aria-hidden=\"true\" class=\"wp-block-spacer\"><\/div>\n\n\n\n<p>Damit verbindet Deutschland europ\u00e4ische Einheitlichkeit mit f\u00f6deraler Flexibilit\u00e4t \u2013 und gibt Kommunen weiterhin die M\u00f6glichkeit, das Wohnraumangebot vor Ort aktiv zu steuern, die Gefahr eines Flickenteppiches besteht jedoch. Eine Stellungnahme des Deutschen Ferienhausverbandes finden Sie<a href=\"https:\/\/www.deutscher-ferienhausverband.de\/eu-verordnung-zur-kurzzeitvermietung\/\"> hier.<\/a><\/p>\n\n\n\n<div style=\"height:21px\" aria-hidden=\"true\" class=\"wp-block-spacer\"><\/div>\n\n\n\n<h3 class=\"wp-block-heading\"><strong>Kerninhalte der geplanten Umsetzung in Deutschland<\/strong><\/h3>\n\n\n\n<p><strong>1. Zentrale Zugangsstelle bei der Bundesnetzagentur<\/strong><\/p>\n\n\n\n<p>Die Bundesnetzagentur soll eine technische Infrastruktur bereitstellen, die es Online-Plattformen erm\u00f6glicht, monatlich strukturierte Daten an Beh\u00f6rden zu \u00fcbermitteln.<\/p>\n\n\n\n<div style=\"height:22px\" aria-hidden=\"true\" class=\"wp-block-spacer\"><\/div>\n\n\n\n<p>Diese Daten umfassen:<\/p>\n\n\n\n<ul class=\"wp-block-list\">\n<li>Name und Kontaktdaten des Gastgebers<\/li>\n<\/ul>\n\n\n\n<ul class=\"wp-block-list\">\n<li>Adresse der Unterkunft<\/li>\n<\/ul>\n\n\n\n<ul class=\"wp-block-list\">\n<li>Anzahl der gebuchten N\u00e4chte und G\u00e4ste<\/li>\n<\/ul>\n\n\n\n<ul class=\"wp-block-list\">\n<li>URL der Online-Anzeige<\/li>\n<\/ul>\n\n\n\n<ul class=\"wp-block-list\">\n<li>Registrierungsnummer (sofern vorhanden)<\/li>\n<\/ul>\n\n\n\n<div style=\"height:22px\" aria-hidden=\"true\" class=\"wp-block-spacer\"><\/div>\n\n\n\n<p><strong>2. Zusammenarbeit mit den Landesbeh\u00f6rden<\/strong><\/p>\n\n\n\n<p>Die Zugangsstelle stellt die eingegangenen Daten den zust\u00e4ndigen Landesbeh\u00f6rden zur Verf\u00fcgung. Diese Beh\u00f6rden pr\u00fcfen die Daten, gleichen sie mit lokalen Registrierungsregistern ab und k\u00f6nnen bei Verst\u00f6\u00dfen Ma\u00dfnahmen ergreifen.<\/p>\n\n\n\n<div style=\"height:21px\" aria-hidden=\"true\" class=\"wp-block-spacer\"><\/div>\n\n\n\n<p><strong>3. Rechtsrahmen f\u00fcr Registrierungspflicht<\/strong><\/p>\n\n\n\n<p>Der Entwurf enth\u00e4lt keine Pflicht zur Registrierung auf Bundesebene, sondern \u00fcberl\u00e4sst es weiterhin den L\u00e4ndern und Kommunen, Registrierungsverfahren und Zweckentfremdungssatzungen einzuf\u00fchren <strong>(Opt-In Verfahren).<\/strong> Bestehende lokale Regelungen, wie z.\u202fB. in Berlin oder Hamburg bleiben erhalten.<\/p>\n\n\n\n<div style=\"height:21px\" aria-hidden=\"true\" class=\"wp-block-spacer\"><\/div>\n\n\n\n<p><strong>4. Schutz kleiner Anbieter &amp; DSGVO-Konformit\u00e4t<\/strong><\/p>\n\n\n\n<p>Es wird gepr\u00fcft, ob Anbieter mit weniger als 10 Vermietungen pro Jahr ausgenommen werden k\u00f6nnen (wie in der EU-Verordnung vorgesehen). Die Datenverarbeitung erfolgt ausschlie\u00dflich im Rahmen der Datenschutz-Grundverordnung (DSGVO).<\/p>\n\n\n\n<div style=\"height:21px\" aria-hidden=\"true\" class=\"wp-block-spacer\"><\/div>\n\n\n\n<h2 class=\"wp-block-heading\"><strong>Viele St\u00e4dte und Gemeinden pr\u00fcfen \u2013 lokale Konzepte entstehen<\/strong><\/h2>\n\n\n\n<p>Zahlreiche St\u00e4dte und Gemeinden in Deutschland besch\u00e4ftigen sich aktuell mit der Frage, wie ein lokales Registrierungsverfahren f\u00fcr die kurzfristige Vermietung rechtssicher und praxistauglich eingef\u00fchrt werden kann, um der EU-Verordnung 2024\/1028 gerecht zu werden.<\/p>\n\n\n\n<p>Die Voraussetzungen daf\u00fcr sind regional sehr unterschiedlich: Gemeinden mit bestehenden Wohnraumschutzgesetzen oder Zweckentfremdungssatzungen tun sich deutlich leichter \u2013 denn sie verf\u00fcgen bereits \u00fcber rechtliche und organisatorische Strukturen.<\/p>\n\n\n\n<p>Am Beispiel der <a class=\"\" href=\"https:\/\/gemeinde-sylt.de\/informationen-zur-anwendung-der-eu-verordnung-zur-kurzzeitvermietung-auf-sylt\/\">Gemeinde Sylt<\/a> zeigt sich, dass sich Kommunen bereits aktiv mit der Umsetzung der EU-Verordnung 2024\/1028 befassen und pr\u00fcfen, wie ein lokales Registrierungsverfahren k\u00fcnftig gestaltet werden kann.<\/p>\n\n\n\n<div style=\"height:21px\" aria-hidden=\"true\" class=\"wp-block-spacer\"><\/div>\n\n\n\n<h2 class=\"wp-block-heading\"><strong>Wohnraumschutzgesetzen oder Zweckentfremdungssatzungen<\/strong> <strong>(Aktueller Stand in den Bundesl\u00e4ndern -Auswahl) <\/strong><\/h2>\n\n\n\n<p><\/p>\n\n\n\n<p><strong>Berlin<\/strong><\/p>\n\n\n\n<p>Berlin z\u00e4hlt zu den strengsten Regulierern. Das Zweckentfremdungsverbot-Gesetz (ZwVbG) schreibt vor, dass Wohnraum nur mit Genehmigung touristisch vermietet werden darf. Eine Registrierungspflicht besteht bereits seit Jahren, ebenso die Verpflichtung zur Angabe der Registrierungsnummer in Inseraten. Verst\u00f6\u00dfe k\u00f6nnen mit Bu\u00dfgeldern bis zu 500.000 Euro geahndet werden.<\/p>\n\n\n\n<p><strong>Hamburg<\/strong><\/p>\n\n\n\n<p>Auch Hamburg regelt die Zweckentfremdung \u00fcber das Wohnraumschutzgesetz. Die touristische Vermietung muss dort angezeigt und genehmigt werden. Eine zentrale Datenbank dient der Kontrolle. Die Stadt informiert aktiv \u00fcber geltende Pflichten und ahndet Verst\u00f6\u00dfe konsequent.<\/p>\n\n\n\n<p><strong>Nordrhein-Westfalen (NRW)<\/strong><\/p>\n\n\n\n<p>NRW hat mit dem Wohnraumst\u00e4rkungsgesetz eine landesweite Grundlage geschaffen, auf deren Basis viele Kommunen t\u00e4tig wurden. St\u00e4dte wie K\u00f6ln, D\u00fcsseldorf, M\u00fcnster, Bonn, Dortmund und Aachen haben eine Registrierungspflicht eingef\u00fchrt. Vermieter m\u00fcssen dort eine sogenannte Wohnraum-ID beantragen und diese in ihren Inseraten angeben. <\/p>\n\n\n\n<p><strong>Bayern<\/strong><\/p>\n\n\n\n<p>In M\u00fcnchen gilt eine kommunale Zweckentfremdungssatzung, die Ferienvermietung ohne Genehmigung untersagt. Bei Missachtung drohen Bu\u00dfgelder von bis zu 500.000 Euro. Auch hier ist eine Registrierung mit Angabe einer Kennziffer in Inseraten Pflicht. Weitere St\u00e4dte in Bayern arbeiten an vergleichbaren Regelungen.<\/p>\n\n\n\n<p><strong>Baden-W\u00fcrttemberg<\/strong><\/p>\n\n\n\n<p>Das Bundesland hat ein eigenes Zweckentfremdungsgesetz, das St\u00e4dten erm\u00f6glicht, eigene Satzungen zu erlassen. St\u00e4dte wie Stuttgart, Freiburg oder Heidelberg haben davon bereits Gebrauch gemacht und verlangen Registrierung, Genehmigung und eine Zweckbindung des Wohnraums.<\/p>\n\n\n\n<p><strong>Mecklenburg-Vorpommern<\/strong><\/p>\n\n\n\n<p>Auch hier gilt ein Zweckentfremdungsgesetz, das jedoch besonders auf Bestandsschutz setzt: Wer seine Ferienwohnung ordnungsgem\u00e4\u00df gemeldet hat, genie\u00dft Schutz. Kommunen k\u00f6nnen eigene Satzungen erlassen, um die Umnutzung von Wohnraum zu regulieren.<\/p>\n\n\n\n<p><strong>Rheinland-Pfalz<\/strong><\/p>\n\n\n\n<p>In Rheinland-Pfalz erm\u00f6glicht das Zweckentfremdungsgesetz den St\u00e4dten, bei drohendem Wohnraummangel eigene Regelungen einzuf\u00fchren. Viele Tourismusregionen pr\u00fcfen derzeit entsprechende Schritte.<\/p>\n\n\n\n<p><strong>Schleswig-Holstein<\/strong><\/p>\n\n\n\n<p>Mit dem Wohnraumschutzgesetz von 2024 schafft Schleswig-Holstein die landesrechtliche Grundlage, um dem Verlust von Wohnraum durch ungenehmigte Ferienvermietung zu begegnen.<\/p>\n\n\n\n<div style=\"height:20px\" aria-hidden=\"true\" class=\"wp-block-spacer\"><\/div>\n\n\n\n<h2 class=\"wp-block-heading\">Fazit: Einheitlicher Rahmen, aber lokale Verantwortung<\/h2>\n\n\n\n<p>Die EU-Verordnung 2024\/1028 schafft klare, digitale und gerechte Regeln f\u00fcr die Kurzzeitvermietung. W\u00e4hrend L\u00e4nder wie Spanien und Italien sie bereits umgesetzt haben, arbeitet <strong>Deutschland an einer <\/strong>zweistufigen L\u00f6sung mit zentralem Datenaustausch und kommunaler Verantwortung.<\/p>\n\n\n\n<p>Gastgeber sollten sich fr\u00fchzeitig \u00fcber lokale Anforderungen informieren, Kommunen ihre Regelungen bis 2026 auf EU-Konformit\u00e4t pr\u00fcfen \u2013 und Plattformen ihre technischen Schnittstellen vorbereiten.<\/p>\n\n\n\n<div style=\"height:21px\" aria-hidden=\"true\" class=\"wp-block-spacer\"><\/div>\n\n\n\n<h2 class=\"wp-block-heading\">Quellen &amp; weiterf\u00fchrende Informationen<\/h2>\n\n\n\n<ul class=\"wp-block-list\">\n<li><a class=\"\" href=\"https:\/\/www.bmwk.de\/Redaktion\/DE\/Downloads\/Gesetz\/20241112-referentenentwurf-kvdg-download.pdf\">BMWK \u2013 KVDG-Referentenentwurf (PDF)<\/a><\/li>\n\n\n\n<li><a class=\"\" href=\"https:\/\/www.bmwk.de\/Redaktion\/DE\/Schlaglichter-der-Wirtschaftspolitik\/2024\/06\/08-neue-eu-regeln-kurzzeitige-vermietung.html\">BMWK \u2013 Schlaglichter zur Verordnung<\/a><\/li>\n<\/ul>\n\n\n\n<p><strong>&nbsp;<\/strong><\/p>\n","protected":false},"excerpt":{"rendered":"<p>Mit der Verordnung (EU) 2024\/1028 schafft die Europ\u00e4ische Union erstmals einheitliche Regeln f\u00fcr die Kurzzeitvermietung. Ziel ist mehr Transparenz, bessere Kontrolle und ein verl\u00e4sslicher Datenaustausch zwischen Gastgebern, Plattformen und Beh\u00f6rden. Die Verordnung ist am 20. Mai 2024 in Kraft getreten und gilt ab 20. Mai 2026 verbindlich in allen Mitgliedstaaten. Viele europ\u00e4ische L\u00e4nder setzen die [&hellip;]<\/p>\n","protected":false},"author":19,"featured_media":20451,"comment_status":"open","ping_status":"open","sticky":false,"template":"","format":"standard","meta":{"footnotes":""},"categories":[73,36],"tags":[],"class_list":["post-20445","post","type-post","status-publish","format-standard","has-post-thumbnail","hentry","category-branchenperspektiven","category-recht-steuern"],"yoast_head":"<!-- This site is optimized with the Yoast SEO plugin v27.2 - https:\/\/yoast.com\/product\/yoast-seo-wordpress\/ -->\n<title>EU-Verordnung 2024\/1028 zur Kurzzeitvermietung<\/title>\n<meta name=\"description\" content=\"Erfahren Sie, was die EU-Verordnung 2024\/1028 f\u00fcr Gastgeber, Plattformen und Kommunen bedeutet in Spanien, Italien, Deutschland\" \/>\n<meta name=\"robots\" content=\"index, follow, max-snippet:-1, max-image-preview:large, max-video-preview:-1\" \/>\n<link rel=\"canonical\" href=\"https:\/\/www.ferienhausmiete.de\/gastgebermagazin\/eu-verordnung-zur-kurzzeitvermietung-so-setzt-europa-die-neuen-regeln-um\/\" \/>\n<meta property=\"og:locale\" content=\"de_DE\" \/>\n<meta property=\"og:type\" content=\"article\" \/>\n<meta property=\"og:title\" content=\"EU-Verordnung 2024\/1028 zur Kurzzeitvermietung\" \/>\n<meta property=\"og:description\" content=\"Erfahren Sie, was die EU-Verordnung 2024\/1028 f\u00fcr Gastgeber, Plattformen und Kommunen bedeutet in Spanien, Italien, Deutschland\" \/>\n<meta property=\"og:url\" content=\"https:\/\/www.ferienhausmiete.de\/gastgebermagazin\/eu-verordnung-zur-kurzzeitvermietung-so-setzt-europa-die-neuen-regeln-um\/\" \/>\n<meta property=\"og:site_name\" content=\"Gastgebermagazin\" \/>\n<meta property=\"article:published_time\" content=\"2025-05-30T11:29:04+00:00\" \/>\n<meta property=\"article:modified_time\" content=\"2025-07-10T09:49:19+00:00\" \/>\n<meta property=\"og:image\" content=\"https:\/\/www.ferienhausmiete.de\/gastgebermagazin\/wp-content\/uploads\/sites\/5\/2025\/05\/Europaeische-Union-Flaggen-vor-der-Europaeischen-Kommission-1024x681.jpg\" \/>\n\t<meta property=\"og:image:width\" content=\"1024\" \/>\n\t<meta property=\"og:image:height\" content=\"681\" \/>\n\t<meta property=\"og:image:type\" content=\"image\/jpeg\" \/>\n<meta name=\"author\" content=\"Pinar\" \/>\n<meta name=\"twitter:card\" content=\"summary_large_image\" \/>\n<meta name=\"twitter:label1\" content=\"Verfasst von\" \/>\n\t<meta name=\"twitter:data1\" content=\"Pinar\" \/>\n\t<meta name=\"twitter:label2\" content=\"Gesch\u00e4tzte Lesezeit\" \/>\n\t<meta name=\"twitter:data2\" content=\"7\u00a0Minuten\" \/>\n<script type=\"application\/ld+json\" class=\"yoast-schema-graph\">{\"@context\":\"https:\/\/schema.org\",\"@graph\":[{\"@type\":\"Article\",\"@id\":\"https:\/\/www.ferienhausmiete.de\/gastgebermagazin\/eu-verordnung-zur-kurzzeitvermietung-so-setzt-europa-die-neuen-regeln-um\/#article\",\"isPartOf\":{\"@id\":\"https:\/\/www.ferienhausmiete.de\/gastgebermagazin\/eu-verordnung-zur-kurzzeitvermietung-so-setzt-europa-die-neuen-regeln-um\/\"},\"author\":{\"name\":\"Pinar\",\"@id\":\"https:\/\/www.ferienhausmiete.de\/gastgebermagazin\/#\/schema\/person\/2bb2432429480b822cc098c68aadeace\"},\"headline\":\"EU-Verordnung zur Kurzzeitvermietung: So setzt Europa die neuen Regeln um\",\"datePublished\":\"2025-05-30T11:29:04+00:00\",\"dateModified\":\"2025-07-10T09:49:19+00:00\",\"mainEntityOfPage\":{\"@id\":\"https:\/\/www.ferienhausmiete.de\/gastgebermagazin\/eu-verordnung-zur-kurzzeitvermietung-so-setzt-europa-die-neuen-regeln-um\/\"},\"wordCount\":1170,\"commentCount\":2,\"image\":{\"@id\":\"https:\/\/www.ferienhausmiete.de\/gastgebermagazin\/eu-verordnung-zur-kurzzeitvermietung-so-setzt-europa-die-neuen-regeln-um\/#primaryimage\"},\"thumbnailUrl\":\"https:\/\/www.ferienhausmiete.de\/gastgebermagazin\/wp-content\/uploads\/sites\/5\/2025\/05\/Europaeische-Union-Flaggen-vor-der-Europaeischen-Kommission.jpg\",\"articleSection\":[\"Branchenperspektiven\",\"Recht &amp; Steuern\"],\"inLanguage\":\"de\",\"potentialAction\":[{\"@type\":\"CommentAction\",\"name\":\"Comment\",\"target\":[\"https:\/\/www.ferienhausmiete.de\/gastgebermagazin\/eu-verordnung-zur-kurzzeitvermietung-so-setzt-europa-die-neuen-regeln-um\/#respond\"]}]},{\"@type\":\"WebPage\",\"@id\":\"https:\/\/www.ferienhausmiete.de\/gastgebermagazin\/eu-verordnung-zur-kurzzeitvermietung-so-setzt-europa-die-neuen-regeln-um\/\",\"url\":\"https:\/\/www.ferienhausmiete.de\/gastgebermagazin\/eu-verordnung-zur-kurzzeitvermietung-so-setzt-europa-die-neuen-regeln-um\/\",\"name\":\"EU-Verordnung 2024\/1028 zur Kurzzeitvermietung\",\"isPartOf\":{\"@id\":\"https:\/\/www.ferienhausmiete.de\/gastgebermagazin\/#website\"},\"primaryImageOfPage\":{\"@id\":\"https:\/\/www.ferienhausmiete.de\/gastgebermagazin\/eu-verordnung-zur-kurzzeitvermietung-so-setzt-europa-die-neuen-regeln-um\/#primaryimage\"},\"image\":{\"@id\":\"https:\/\/www.ferienhausmiete.de\/gastgebermagazin\/eu-verordnung-zur-kurzzeitvermietung-so-setzt-europa-die-neuen-regeln-um\/#primaryimage\"},\"thumbnailUrl\":\"https:\/\/www.ferienhausmiete.de\/gastgebermagazin\/wp-content\/uploads\/sites\/5\/2025\/05\/Europaeische-Union-Flaggen-vor-der-Europaeischen-Kommission.jpg\",\"datePublished\":\"2025-05-30T11:29:04+00:00\",\"dateModified\":\"2025-07-10T09:49:19+00:00\",\"author\":{\"@id\":\"https:\/\/www.ferienhausmiete.de\/gastgebermagazin\/#\/schema\/person\/2bb2432429480b822cc098c68aadeace\"},\"description\":\"Erfahren Sie, was die EU-Verordnung 2024\/1028 f\u00fcr Gastgeber, Plattformen und Kommunen bedeutet in Spanien, Italien, Deutschland\",\"breadcrumb\":{\"@id\":\"https:\/\/www.ferienhausmiete.de\/gastgebermagazin\/eu-verordnung-zur-kurzzeitvermietung-so-setzt-europa-die-neuen-regeln-um\/#breadcrumb\"},\"inLanguage\":\"de\",\"potentialAction\":[{\"@type\":\"ReadAction\",\"target\":[\"https:\/\/www.ferienhausmiete.de\/gastgebermagazin\/eu-verordnung-zur-kurzzeitvermietung-so-setzt-europa-die-neuen-regeln-um\/\"]}]},{\"@type\":\"ImageObject\",\"inLanguage\":\"de\",\"@id\":\"https:\/\/www.ferienhausmiete.de\/gastgebermagazin\/eu-verordnung-zur-kurzzeitvermietung-so-setzt-europa-die-neuen-regeln-um\/#primaryimage\",\"url\":\"https:\/\/www.ferienhausmiete.de\/gastgebermagazin\/wp-content\/uploads\/sites\/5\/2025\/05\/Europaeische-Union-Flaggen-vor-der-Europaeischen-Kommission.jpg\",\"contentUrl\":\"https:\/\/www.ferienhausmiete.de\/gastgebermagazin\/wp-content\/uploads\/sites\/5\/2025\/05\/Europaeische-Union-Flaggen-vor-der-Europaeischen-Kommission.jpg\",\"width\":2122,\"height\":1412,\"caption\":\"Europ\u00e4ische Union Flaggen vor der Europ\u00e4ischen Kommission\"},{\"@type\":\"BreadcrumbList\",\"@id\":\"https:\/\/www.ferienhausmiete.de\/gastgebermagazin\/eu-verordnung-zur-kurzzeitvermietung-so-setzt-europa-die-neuen-regeln-um\/#breadcrumb\",\"itemListElement\":[{\"@type\":\"ListItem\",\"position\":1,\"name\":\"Home\",\"item\":\"https:\/\/www.ferienhausmiete.de\/gastgebermagazin\/\"},{\"@type\":\"ListItem\",\"position\":2,\"name\":\"EU-Verordnung zur Kurzzeitvermietung: So setzt Europa die neuen Regeln um\"}]},{\"@type\":\"WebSite\",\"@id\":\"https:\/\/www.ferienhausmiete.de\/gastgebermagazin\/#website\",\"url\":\"https:\/\/www.ferienhausmiete.de\/gastgebermagazin\/\",\"name\":\"Gastgebermagazin\",\"description\":\"Fachwissen f\u00fcr Vermieter\",\"potentialAction\":[{\"@type\":\"SearchAction\",\"target\":{\"@type\":\"EntryPoint\",\"urlTemplate\":\"https:\/\/www.ferienhausmiete.de\/gastgebermagazin\/?s={search_term_string}\"},\"query-input\":{\"@type\":\"PropertyValueSpecification\",\"valueRequired\":true,\"valueName\":\"search_term_string\"}}],\"inLanguage\":\"de\"},{\"@type\":\"Person\",\"@id\":\"https:\/\/www.ferienhausmiete.de\/gastgebermagazin\/#\/schema\/person\/2bb2432429480b822cc098c68aadeace\",\"name\":\"Pinar\",\"image\":{\"@type\":\"ImageObject\",\"inLanguage\":\"de\",\"@id\":\"https:\/\/www.ferienhausmiete.de\/gastgebermagazin\/wp-content\/uploads\/sites\/5\/2022\/03\/Pinar-150x150.jpg\",\"url\":\"https:\/\/www.ferienhausmiete.de\/gastgebermagazin\/wp-content\/uploads\/sites\/5\/2022\/03\/Pinar-150x150.jpg\",\"contentUrl\":\"https:\/\/www.ferienhausmiete.de\/gastgebermagazin\/wp-content\/uploads\/sites\/5\/2022\/03\/Pinar-150x150.jpg\",\"caption\":\"Pinar\"},\"description\":\"Pinar arbeitet bei Ferienhausmiete.de und ist vor 15 Jahren f\u00fcr ihr Geografie-Studium nach Berlin gezogen. Damit jeder Urlauber sein Traumdomizil findet, arbeitet sie t\u00e4glich daran das Angebot auf Ferienhausmiete.de zu erweitern und zu optimieren. Dem Gro\u00dfstadttrubel entzieht Sie sich regelm\u00e4\u00dfig und reist gerne abseits der \u00fcblichen Touristenpfade. Ob nun eine Villa mit Freunden oder ein kleines Apartment in der Stadt - schon vor ihrer T\u00e4tigkeit bei Ferienhausmiete.de hat sich Pinar bewusst gegen einen Urlaub im Hotel entschieden. Denn was gibt es Sch\u00f6neres als den n\u00e4chsten Ausflug zu planen, verschiedene Restaurants auszuprobieren und abends auf der Terrasse den Grill anzuschmei\u00dfen? Seitdem sie Mutter ist, findet man sie aber auch mal am Strand oder im Pool. Denn mit einem Ferienhaus hat man die Freiheit jeden Urlaubstag anders zu gestalten und an seine eigenen Bed\u00fcrfnisse anzupassen.\",\"url\":\"https:\/\/www.ferienhausmiete.de\/gastgebermagazin\/author\/pinar\/\"}]}<\/script>\n<!-- \/ Yoast SEO plugin. -->","yoast_head_json":{"title":"EU-Verordnung 2024\/1028 zur Kurzzeitvermietung","description":"Erfahren Sie, was die EU-Verordnung 2024\/1028 f\u00fcr Gastgeber, Plattformen und Kommunen bedeutet in Spanien, Italien, Deutschland","robots":{"index":"index","follow":"follow","max-snippet":"max-snippet:-1","max-image-preview":"max-image-preview:large","max-video-preview":"max-video-preview:-1"},"canonical":"https:\/\/www.ferienhausmiete.de\/gastgebermagazin\/eu-verordnung-zur-kurzzeitvermietung-so-setzt-europa-die-neuen-regeln-um\/","og_locale":"de_DE","og_type":"article","og_title":"EU-Verordnung 2024\/1028 zur Kurzzeitvermietung","og_description":"Erfahren Sie, was die EU-Verordnung 2024\/1028 f\u00fcr Gastgeber, Plattformen und Kommunen bedeutet in Spanien, Italien, Deutschland","og_url":"https:\/\/www.ferienhausmiete.de\/gastgebermagazin\/eu-verordnung-zur-kurzzeitvermietung-so-setzt-europa-die-neuen-regeln-um\/","og_site_name":"Gastgebermagazin","article_published_time":"2025-05-30T11:29:04+00:00","article_modified_time":"2025-07-10T09:49:19+00:00","og_image":[{"width":1024,"height":681,"url":"https:\/\/www.ferienhausmiete.de\/gastgebermagazin\/wp-content\/uploads\/sites\/5\/2025\/05\/Europaeische-Union-Flaggen-vor-der-Europaeischen-Kommission-1024x681.jpg","type":"image\/jpeg"}],"author":"Pinar","twitter_card":"summary_large_image","twitter_misc":{"Verfasst von":"Pinar","Gesch\u00e4tzte Lesezeit":"7\u00a0Minuten"},"schema":{"@context":"https:\/\/schema.org","@graph":[{"@type":"Article","@id":"https:\/\/www.ferienhausmiete.de\/gastgebermagazin\/eu-verordnung-zur-kurzzeitvermietung-so-setzt-europa-die-neuen-regeln-um\/#article","isPartOf":{"@id":"https:\/\/www.ferienhausmiete.de\/gastgebermagazin\/eu-verordnung-zur-kurzzeitvermietung-so-setzt-europa-die-neuen-regeln-um\/"},"author":{"name":"Pinar","@id":"https:\/\/www.ferienhausmiete.de\/gastgebermagazin\/#\/schema\/person\/2bb2432429480b822cc098c68aadeace"},"headline":"EU-Verordnung zur Kurzzeitvermietung: So setzt Europa die neuen Regeln um","datePublished":"2025-05-30T11:29:04+00:00","dateModified":"2025-07-10T09:49:19+00:00","mainEntityOfPage":{"@id":"https:\/\/www.ferienhausmiete.de\/gastgebermagazin\/eu-verordnung-zur-kurzzeitvermietung-so-setzt-europa-die-neuen-regeln-um\/"},"wordCount":1170,"commentCount":2,"image":{"@id":"https:\/\/www.ferienhausmiete.de\/gastgebermagazin\/eu-verordnung-zur-kurzzeitvermietung-so-setzt-europa-die-neuen-regeln-um\/#primaryimage"},"thumbnailUrl":"https:\/\/www.ferienhausmiete.de\/gastgebermagazin\/wp-content\/uploads\/sites\/5\/2025\/05\/Europaeische-Union-Flaggen-vor-der-Europaeischen-Kommission.jpg","articleSection":["Branchenperspektiven","Recht &amp; Steuern"],"inLanguage":"de","potentialAction":[{"@type":"CommentAction","name":"Comment","target":["https:\/\/www.ferienhausmiete.de\/gastgebermagazin\/eu-verordnung-zur-kurzzeitvermietung-so-setzt-europa-die-neuen-regeln-um\/#respond"]}]},{"@type":"WebPage","@id":"https:\/\/www.ferienhausmiete.de\/gastgebermagazin\/eu-verordnung-zur-kurzzeitvermietung-so-setzt-europa-die-neuen-regeln-um\/","url":"https:\/\/www.ferienhausmiete.de\/gastgebermagazin\/eu-verordnung-zur-kurzzeitvermietung-so-setzt-europa-die-neuen-regeln-um\/","name":"EU-Verordnung 2024\/1028 zur Kurzzeitvermietung","isPartOf":{"@id":"https:\/\/www.ferienhausmiete.de\/gastgebermagazin\/#website"},"primaryImageOfPage":{"@id":"https:\/\/www.ferienhausmiete.de\/gastgebermagazin\/eu-verordnung-zur-kurzzeitvermietung-so-setzt-europa-die-neuen-regeln-um\/#primaryimage"},"image":{"@id":"https:\/\/www.ferienhausmiete.de\/gastgebermagazin\/eu-verordnung-zur-kurzzeitvermietung-so-setzt-europa-die-neuen-regeln-um\/#primaryimage"},"thumbnailUrl":"https:\/\/www.ferienhausmiete.de\/gastgebermagazin\/wp-content\/uploads\/sites\/5\/2025\/05\/Europaeische-Union-Flaggen-vor-der-Europaeischen-Kommission.jpg","datePublished":"2025-05-30T11:29:04+00:00","dateModified":"2025-07-10T09:49:19+00:00","author":{"@id":"https:\/\/www.ferienhausmiete.de\/gastgebermagazin\/#\/schema\/person\/2bb2432429480b822cc098c68aadeace"},"description":"Erfahren Sie, was die EU-Verordnung 2024\/1028 f\u00fcr Gastgeber, Plattformen und Kommunen bedeutet in Spanien, Italien, Deutschland","breadcrumb":{"@id":"https:\/\/www.ferienhausmiete.de\/gastgebermagazin\/eu-verordnung-zur-kurzzeitvermietung-so-setzt-europa-die-neuen-regeln-um\/#breadcrumb"},"inLanguage":"de","potentialAction":[{"@type":"ReadAction","target":["https:\/\/www.ferienhausmiete.de\/gastgebermagazin\/eu-verordnung-zur-kurzzeitvermietung-so-setzt-europa-die-neuen-regeln-um\/"]}]},{"@type":"ImageObject","inLanguage":"de","@id":"https:\/\/www.ferienhausmiete.de\/gastgebermagazin\/eu-verordnung-zur-kurzzeitvermietung-so-setzt-europa-die-neuen-regeln-um\/#primaryimage","url":"https:\/\/www.ferienhausmiete.de\/gastgebermagazin\/wp-content\/uploads\/sites\/5\/2025\/05\/Europaeische-Union-Flaggen-vor-der-Europaeischen-Kommission.jpg","contentUrl":"https:\/\/www.ferienhausmiete.de\/gastgebermagazin\/wp-content\/uploads\/sites\/5\/2025\/05\/Europaeische-Union-Flaggen-vor-der-Europaeischen-Kommission.jpg","width":2122,"height":1412,"caption":"Europ\u00e4ische Union Flaggen vor der Europ\u00e4ischen Kommission"},{"@type":"BreadcrumbList","@id":"https:\/\/www.ferienhausmiete.de\/gastgebermagazin\/eu-verordnung-zur-kurzzeitvermietung-so-setzt-europa-die-neuen-regeln-um\/#breadcrumb","itemListElement":[{"@type":"ListItem","position":1,"name":"Home","item":"https:\/\/www.ferienhausmiete.de\/gastgebermagazin\/"},{"@type":"ListItem","position":2,"name":"EU-Verordnung zur Kurzzeitvermietung: So setzt Europa die neuen Regeln um"}]},{"@type":"WebSite","@id":"https:\/\/www.ferienhausmiete.de\/gastgebermagazin\/#website","url":"https:\/\/www.ferienhausmiete.de\/gastgebermagazin\/","name":"Gastgebermagazin","description":"Fachwissen f\u00fcr Vermieter","potentialAction":[{"@type":"SearchAction","target":{"@type":"EntryPoint","urlTemplate":"https:\/\/www.ferienhausmiete.de\/gastgebermagazin\/?s={search_term_string}"},"query-input":{"@type":"PropertyValueSpecification","valueRequired":true,"valueName":"search_term_string"}}],"inLanguage":"de"},{"@type":"Person","@id":"https:\/\/www.ferienhausmiete.de\/gastgebermagazin\/#\/schema\/person\/2bb2432429480b822cc098c68aadeace","name":"Pinar","image":{"@type":"ImageObject","inLanguage":"de","@id":"https:\/\/www.ferienhausmiete.de\/gastgebermagazin\/wp-content\/uploads\/sites\/5\/2022\/03\/Pinar-150x150.jpg","url":"https:\/\/www.ferienhausmiete.de\/gastgebermagazin\/wp-content\/uploads\/sites\/5\/2022\/03\/Pinar-150x150.jpg","contentUrl":"https:\/\/www.ferienhausmiete.de\/gastgebermagazin\/wp-content\/uploads\/sites\/5\/2022\/03\/Pinar-150x150.jpg","caption":"Pinar"},"description":"Pinar arbeitet bei Ferienhausmiete.de und ist vor 15 Jahren f\u00fcr ihr Geografie-Studium nach Berlin gezogen. Damit jeder Urlauber sein Traumdomizil findet, arbeitet sie t\u00e4glich daran das Angebot auf Ferienhausmiete.de zu erweitern und zu optimieren. Dem Gro\u00dfstadttrubel entzieht Sie sich regelm\u00e4\u00dfig und reist gerne abseits der \u00fcblichen Touristenpfade. Ob nun eine Villa mit Freunden oder ein kleines Apartment in der Stadt - schon vor ihrer T\u00e4tigkeit bei Ferienhausmiete.de hat sich Pinar bewusst gegen einen Urlaub im Hotel entschieden. Denn was gibt es Sch\u00f6neres als den n\u00e4chsten Ausflug zu planen, verschiedene Restaurants auszuprobieren und abends auf der Terrasse den Grill anzuschmei\u00dfen? Seitdem sie Mutter ist, findet man sie aber auch mal am Strand oder im Pool. Denn mit einem Ferienhaus hat man die Freiheit jeden Urlaubstag anders zu gestalten und an seine eigenen Bed\u00fcrfnisse anzupassen.","url":"https:\/\/www.ferienhausmiete.de\/gastgebermagazin\/author\/pinar\/"}]}},"_links":{"self":[{"href":"https:\/\/www.ferienhausmiete.de\/gastgebermagazin\/wp-json\/wp\/v2\/posts\/20445","targetHints":{"allow":["GET"]}}],"collection":[{"href":"https:\/\/www.ferienhausmiete.de\/gastgebermagazin\/wp-json\/wp\/v2\/posts"}],"about":[{"href":"https:\/\/www.ferienhausmiete.de\/gastgebermagazin\/wp-json\/wp\/v2\/types\/post"}],"author":[{"embeddable":true,"href":"https:\/\/www.ferienhausmiete.de\/gastgebermagazin\/wp-json\/wp\/v2\/users\/19"}],"replies":[{"embeddable":true,"href":"https:\/\/www.ferienhausmiete.de\/gastgebermagazin\/wp-json\/wp\/v2\/comments?post=20445"}],"version-history":[{"count":10,"href":"https:\/\/www.ferienhausmiete.de\/gastgebermagazin\/wp-json\/wp\/v2\/posts\/20445\/revisions"}],"predecessor-version":[{"id":20725,"href":"https:\/\/www.ferienhausmiete.de\/gastgebermagazin\/wp-json\/wp\/v2\/posts\/20445\/revisions\/20725"}],"wp:featuredmedia":[{"embeddable":true,"href":"https:\/\/www.ferienhausmiete.de\/gastgebermagazin\/wp-json\/wp\/v2\/media\/20451"}],"wp:attachment":[{"href":"https:\/\/www.ferienhausmiete.de\/gastgebermagazin\/wp-json\/wp\/v2\/media?parent=20445"}],"wp:term":[{"taxonomy":"category","embeddable":true,"href":"https:\/\/www.ferienhausmiete.de\/gastgebermagazin\/wp-json\/wp\/v2\/categories?post=20445"},{"taxonomy":"post_tag","embeddable":true,"href":"https:\/\/www.ferienhausmiete.de\/gastgebermagazin\/wp-json\/wp\/v2\/tags?post=20445"}],"curies":[{"name":"wp","href":"https:\/\/api.w.org\/{rel}","templated":true}]}}